{"id":4778,"date":"2026-02-10T09:56:42","date_gmt":"2026-02-10T08:56:42","guid":{"rendered":"https:\/\/www.radiomais.ao\/?p=4778"},"modified":"2026-02-10T09:56:42","modified_gmt":"2026-02-10T08:56:42","slug":"ministro-da-agricultura-promete-dificultar-importacao-de-carne-mas-rejeita-cenario-de-substituicao","status":"publish","type":"post","link":"https:\/\/www.radiomais.ao\/index.php\/2026\/02\/10\/ministro-da-agricultura-promete-dificultar-importacao-de-carne-mas-rejeita-cenario-de-substituicao\/","title":{"rendered":"Ministro da Agricultura promete \u201cdificultar\u201d importa\u00e7\u00e3o de carne mas rejeita cen\u00e1rio de substitui\u00e7\u00e3o."},"content":{"rendered":"\n<p><strong>O ministro da Agricultura e Florestas, Isaac dos Anjos, prometeu, recentemente, em Benguela, \u00e0 margem da inaugura\u00e7\u00e3o da f\u00e1brica de transforma\u00e7\u00e3o de tomate e frutas, criar, progressivamente, dificuldades \u00e0 importa\u00e7\u00e3o de carnes, designadamente de porco, avicultura, bovino e outras, de modo a fomentar a produ\u00e7\u00e3o interna desses produtos, dado que o pa\u00eds, pelas potencialidades em termos infra-estruturais, disp\u00f5e de condi\u00e7\u00f5es para dar resposta ao consumo interno. Governante rejeita cen\u00e1rio de substitui\u00e7\u00e3o<\/strong>.<\/p>\n\n\n\n<p>O ministro Isaac dos Anjos admitiu que o caminho a ser trilhado, doravante, \u00e9 o da produ\u00e7\u00e3o nacional, n\u00e3o havendo, na perspectiva dele, espa\u00e7o para a importa\u00e7\u00e3o de produtos como as carnes, face \u00e0s potencialidades do pa\u00eds. O governante garantiu, num contacto com a imprensa, que \u201cvamos reduzir mesmo a importa\u00e7\u00e3o.<\/p>\n\n\n\n<p>Paci\u00eancia \u00e9 o caminho\u201d, aponta o governante, que n\u00e3o tem interesse em discutir sobre \u201csubstitui\u00e7\u00e3o das importa\u00e7\u00f5es\u201d, mas prefere acenar para a produ\u00e7\u00e3o, que \u00e9, para j\u00e1, o principal desafio a que o Governo se prop\u00f5e.<\/p>\n\n\n\n<p>De acordo com Dos Anjos, n\u00e3o faz sentido \u201cque voc\u00ea me ponha a produzir e, depois, querem que eu venda a um pre\u00e7o compat\u00edvel com o pre\u00e7o do Brasil\u201d, reprova, real\u00e7ando que esse pa\u00eds latino-americano j\u00e1 leva 50 anos de produ\u00e7\u00e3o de carne, com destaque para a av\u00edcola (frango), e por conseguinte, disp\u00f5e de uma ind\u00fastria em desenvolvimento e, por isso, tem o pre\u00e7o mais barato do mundo.<\/p>\n","protected":false},"excerpt":{"rendered":"<p>O ministro da Agricultura e Florestas, Isaac dos Anjos, prometeu, recentemente, em Benguela, \u00e0 margem da inaugura\u00e7\u00e3o da f\u00e1brica de transforma\u00e7\u00e3o de tomate e frutas, criar, progressivamente, dificuldades \u00e0 importa\u00e7\u00e3o de carnes, designadamente de porco, avicultura, bovino e outras, de modo a fomentar a produ\u00e7\u00e3o interna desses produtos, dado que o pa\u00eds, pelas potencialidades em [&hellip;]<\/p>\n","protected":false},"author":3,"featured_media":4779,"comment_status":"open","ping_status":"open","sticky":false,"template":"","format":"standard","meta":{"footnotes":""},"categories":[16],"tags":[2024,2023],"class_list":["post-4778","post","type-post","status-publish","format-standard","has-post-thumbnail","hentry","category-actualidade","tag-importacao-de-carne","tag-ministro-da-agricultura"],"blocksy_meta":[],"_links":{"self":[{"href":"https:\/\/www.radiomais.ao\/index.php\/wp-json\/wp\/v2\/posts\/4778","targetHints":{"allow":["GET"]}}],"collection":[{"href":"https:\/\/www.radiomais.ao\/index.php\/wp-json\/wp\/v2\/posts"}],"about":[{"href":"https:\/\/www.radiomais.ao\/index.php\/wp-json\/wp\/v2\/types\/post"}],"author":[{"embeddable":true,"href":"https:\/\/www.radiomais.ao\/index.php\/wp-json\/wp\/v2\/users\/3"}],"replies":[{"embeddable":true,"href":"https:\/\/www.radiomais.ao\/index.php\/wp-json\/wp\/v2\/comments?post=4778"}],"version-history":[{"count":1,"href":"https:\/\/www.radiomais.ao\/index.php\/wp-json\/wp\/v2\/posts\/4778\/revisions"}],"predecessor-version":[{"id":4780,"href":"https:\/\/www.radiomais.ao\/index.php\/wp-json\/wp\/v2\/posts\/4778\/revisions\/4780"}],"wp:featuredmedia":[{"embeddable":true,"href":"https:\/\/www.radiomais.ao\/index.php\/wp-json\/wp\/v2\/media\/4779"}],"wp:attachment":[{"href":"https:\/\/www.radiomais.ao\/index.php\/wp-json\/wp\/v2\/media?parent=4778"}],"wp:term":[{"taxonomy":"category","embeddable":true,"href":"https:\/\/www.radiomais.ao\/index.php\/wp-json\/wp\/v2\/categories?post=4778"},{"taxonomy":"post_tag","embeddable":true,"href":"https:\/\/www.radiomais.ao\/index.php\/wp-json\/wp\/v2\/tags?post=4778"}],"curies":[{"name":"wp","href":"https:\/\/api.w.org\/{rel}","templated":true}]}}