{"id":4784,"date":"2026-02-10T10:03:01","date_gmt":"2026-02-10T09:03:01","guid":{"rendered":"https:\/\/www.radiomais.ao\/?p=4784"},"modified":"2026-02-10T10:03:01","modified_gmt":"2026-02-10T09:03:01","slug":"soba-acusado-de-abusar-sexualmente-a-filha-no-cuito","status":"publish","type":"post","link":"https:\/\/www.radiomais.ao\/index.php\/2026\/02\/10\/soba-acusado-de-abusar-sexualmente-a-filha-no-cuito\/","title":{"rendered":"Soba acusado de abusar sexualmente a filha no Cuito."},"content":{"rendered":"\n<p><strong>Um cidad\u00e3o, por sinal, soba numa regi\u00e3o do Cuito, prov\u00edncia do Bi\u00e9, est\u00e1 a ser acusado de abusar sexualmente da filha, menor de 12 anos. A den\u00fancia foi apresentada por Rosalina Domingos, porta-voz do Instituto Nacional da Crian\u00e7a (INAC), quando mostrava o balan\u00e7o da \u00faltima semana<\/strong>.<\/p>\n\n\n\n<p>De acordo com a porta- voz do INAC, a m\u00e3e provavelmente teria dom\u00ednio da situa\u00e7\u00e3o, mas n\u00e3o denunciou. \u201cEste caso comporta um leque de 65 den\u00fancias de abusos contra a crian\u00e7a registadas pelo INAC no Bi\u00e9 de 1 a 7 de Fevereiro\u201d, frisou Rosalina.<\/p>\n\n\n\n<p>Foram registados no pa\u00eds, durante o mesmo per\u00edodo, um total de 980 den\u00fancias de viol\u00eancia contra crian\u00e7as, com destaque para as prov\u00edncias do Bengo, Bi\u00e9, Benguela, Cuanza-Sul, Hu ambo, Luanda e U\u00edge. Destes ca- sos, 229 s\u00e3o de fuga \u00e0 paternidade e disputa de guarda, 223 de trabalho infantil, 95 casos de viol\u00eancia f\u00edsica e psicol\u00f3gica e 29 de abusos sexuais.<\/p>\n\n\n\n<p>Na prov\u00edncia de Luanda, foram abusadas cerca de 69 crian\u00e7as, mediante den\u00fancias. \u201cNo munic\u00edpio da Camama, destacam-se duas den\u00fancias de abusos sexuais, em que s\u00e3o v\u00edtimas duas crian\u00e7as do sexo feminino de 8 e 13 anos, respectivamente, pelo que a mais nova foi abusada por dois indiv\u00edduos de 25 e 22 anos, sendo um dos agressores primo da v\u00edtima\u201d, frisou<\/p>\n","protected":false},"excerpt":{"rendered":"<p>Um cidad\u00e3o, por sinal, soba numa regi\u00e3o do Cuito, prov\u00edncia do Bi\u00e9, est\u00e1 a ser acusado de abusar sexualmente da filha, menor de 12 anos. A den\u00fancia foi apresentada por Rosalina Domingos, porta-voz do Instituto Nacional da Crian\u00e7a (INAC), quando mostrava o balan\u00e7o da \u00faltima semana. De acordo com a porta- voz do INAC, a [&hellip;]<\/p>\n","protected":false},"author":3,"featured_media":4785,"comment_status":"open","ping_status":"open","sticky":false,"template":"","format":"standard","meta":{"footnotes":""},"categories":[16],"tags":[2026],"class_list":["post-4784","post","type-post","status-publish","format-standard","has-post-thumbnail","hentry","category-actualidade","tag-soba-acusado-de-abusar-sexualmente-a-filha-no-cuito"],"blocksy_meta":[],"_links":{"self":[{"href":"https:\/\/www.radiomais.ao\/index.php\/wp-json\/wp\/v2\/posts\/4784","targetHints":{"allow":["GET"]}}],"collection":[{"href":"https:\/\/www.radiomais.ao\/index.php\/wp-json\/wp\/v2\/posts"}],"about":[{"href":"https:\/\/www.radiomais.ao\/index.php\/wp-json\/wp\/v2\/types\/post"}],"author":[{"embeddable":true,"href":"https:\/\/www.radiomais.ao\/index.php\/wp-json\/wp\/v2\/users\/3"}],"replies":[{"embeddable":true,"href":"https:\/\/www.radiomais.ao\/index.php\/wp-json\/wp\/v2\/comments?post=4784"}],"version-history":[{"count":1,"href":"https:\/\/www.radiomais.ao\/index.php\/wp-json\/wp\/v2\/posts\/4784\/revisions"}],"predecessor-version":[{"id":4786,"href":"https:\/\/www.radiomais.ao\/index.php\/wp-json\/wp\/v2\/posts\/4784\/revisions\/4786"}],"wp:featuredmedia":[{"embeddable":true,"href":"https:\/\/www.radiomais.ao\/index.php\/wp-json\/wp\/v2\/media\/4785"}],"wp:attachment":[{"href":"https:\/\/www.radiomais.ao\/index.php\/wp-json\/wp\/v2\/media?parent=4784"}],"wp:term":[{"taxonomy":"category","embeddable":true,"href":"https:\/\/www.radiomais.ao\/index.php\/wp-json\/wp\/v2\/categories?post=4784"},{"taxonomy":"post_tag","embeddable":true,"href":"https:\/\/www.radiomais.ao\/index.php\/wp-json\/wp\/v2\/tags?post=4784"}],"curies":[{"name":"wp","href":"https:\/\/api.w.org\/{rel}","templated":true}]}}