{"id":4790,"date":"2026-02-10T10:28:16","date_gmt":"2026-02-10T09:28:16","guid":{"rendered":"https:\/\/www.radiomais.ao\/?p=4790"},"modified":"2026-02-10T10:28:16","modified_gmt":"2026-02-10T09:28:16","slug":"quadros-do-ministerio-da-saude-trabalham-na-italia-para-o-reforco-da-cooperacao-internacional","status":"publish","type":"post","link":"https:\/\/www.radiomais.ao\/index.php\/2026\/02\/10\/quadros-do-ministerio-da-saude-trabalham-na-italia-para-o-reforco-da-cooperacao-internacional\/","title":{"rendered":"Quadros do Minist\u00e9rio da Sa\u00fade trabalham na It\u00e1lia para o refor\u00e7o da coopera\u00e7\u00e3o internacional."},"content":{"rendered":"\n<p>Uma delega\u00e7\u00e3o do Minist\u00e9rio da Sa\u00fade, chefiada pelo coordenador e gestor t\u00e9cnico da Unidade de Implementa\u00e7\u00e3o do Projecto (UIP), Job Monteiro, chegou hoje \u00e0 It\u00e1lia, com vista ao refor\u00e7o da coopera\u00e7\u00e3o internacional na forma\u00e7\u00e3o e capacita\u00e7\u00e3o de recursos humanos para a sa\u00fade.<\/p>\n\n\n\n<p>A ac\u00e7\u00e3o, enquadrada no \u00e2mbito do Projecto de Forma\u00e7\u00e3o de Recursos Humanos para a Cobertura Universal em Sa\u00fade vai decorrer at\u00e9 o dia 13 deste m\u00eas.<\/p>\n\n\n\n<p>A delega\u00e7\u00e3o \u00e9 composta pelo especialista de forma\u00e7\u00e3o da UIP, D\u2019Jamel Kitumba, pela directora pedag\u00f3gica do Hospital Central do Huambo, Augusta Sachiteque, e a assistente de Direc\u00e7\u00e3o e de Aquisi\u00e7\u00f5es da UIP, Karen dos Santos.<\/p>\n\n\n\n<p>A miss\u00e3o contempla visitas t\u00e9cnicas e institucionais aos centros hospitalares universit\u00e1rios, institutos de investiga\u00e7\u00e3o cient\u00edfica e universidades de refer\u00eancia nas cidades de Mil\u00e3o, G\u00e9nova e Roma, com o objectivo de conhecer boas pr\u00e1ticas e modelos de forma\u00e7\u00e3o aplic\u00e1veis ao Sistema Nacional de Sa\u00fade de Angola.<\/p>\n\n\n\n<p>A miss\u00e3o ter\u00e1 ainda como foco a identifica\u00e7\u00e3o de oportunidades de coopera\u00e7\u00e3o em cursos de curta dura\u00e7\u00e3o, programas de especializa\u00e7\u00e3o e forma\u00e7\u00e3o avan\u00e7ada, com prioridade para as \u00e1reas de enfermagem, t\u00e9cnicos de diagn\u00f3stico e terap\u00eautica, gest\u00e3o hospitalar e inova\u00e7\u00e3o em sa\u00fade.<\/p>\n\n\n\n<p>Entre os resultados esperados destacam-se a defini\u00e7\u00e3o de \u00e1reas estrat\u00e9gicas de coopera\u00e7\u00e3o, a elabora\u00e7\u00e3o de propostas concretas de programas formativos e o estabelecimento de acordos institucionais entre Angola e It\u00e1lia no sector da sa\u00fade.<\/p>\n","protected":false},"excerpt":{"rendered":"<p>Uma delega\u00e7\u00e3o do Minist\u00e9rio da Sa\u00fade, chefiada pelo coordenador e gestor t\u00e9cnico da Unidade de Implementa\u00e7\u00e3o do Projecto (UIP), Job Monteiro, chegou hoje \u00e0 It\u00e1lia, com vista ao refor\u00e7o da coopera\u00e7\u00e3o internacional na forma\u00e7\u00e3o e capacita\u00e7\u00e3o de recursos humanos para a sa\u00fade. A ac\u00e7\u00e3o, enquadrada no \u00e2mbito do Projecto de Forma\u00e7\u00e3o de Recursos Humanos para [&hellip;]<\/p>\n","protected":false},"author":3,"featured_media":4791,"comment_status":"open","ping_status":"open","sticky":false,"template":"","format":"standard","meta":{"footnotes":""},"categories":[16],"tags":[2029,2030],"class_list":["post-4790","post","type-post","status-publish","format-standard","has-post-thumbnail","hentry","category-actualidade","tag-quadros-do-ministerio-da-saude","tag-reforco-da-cooperacao-internacional"],"blocksy_meta":[],"_links":{"self":[{"href":"https:\/\/www.radiomais.ao\/index.php\/wp-json\/wp\/v2\/posts\/4790","targetHints":{"allow":["GET"]}}],"collection":[{"href":"https:\/\/www.radiomais.ao\/index.php\/wp-json\/wp\/v2\/posts"}],"about":[{"href":"https:\/\/www.radiomais.ao\/index.php\/wp-json\/wp\/v2\/types\/post"}],"author":[{"embeddable":true,"href":"https:\/\/www.radiomais.ao\/index.php\/wp-json\/wp\/v2\/users\/3"}],"replies":[{"embeddable":true,"href":"https:\/\/www.radiomais.ao\/index.php\/wp-json\/wp\/v2\/comments?post=4790"}],"version-history":[{"count":1,"href":"https:\/\/www.radiomais.ao\/index.php\/wp-json\/wp\/v2\/posts\/4790\/revisions"}],"predecessor-version":[{"id":4792,"href":"https:\/\/www.radiomais.ao\/index.php\/wp-json\/wp\/v2\/posts\/4790\/revisions\/4792"}],"wp:featuredmedia":[{"embeddable":true,"href":"https:\/\/www.radiomais.ao\/index.php\/wp-json\/wp\/v2\/media\/4791"}],"wp:attachment":[{"href":"https:\/\/www.radiomais.ao\/index.php\/wp-json\/wp\/v2\/media?parent=4790"}],"wp:term":[{"taxonomy":"category","embeddable":true,"href":"https:\/\/www.radiomais.ao\/index.php\/wp-json\/wp\/v2\/categories?post=4790"},{"taxonomy":"post_tag","embeddable":true,"href":"https:\/\/www.radiomais.ao\/index.php\/wp-json\/wp\/v2\/tags?post=4790"}],"curies":[{"name":"wp","href":"https:\/\/api.w.org\/{rel}","templated":true}]}}