{"id":4793,"date":"2026-02-10T11:22:49","date_gmt":"2026-02-10T10:22:49","guid":{"rendered":"https:\/\/www.radiomais.ao\/?p=4793"},"modified":"2026-02-10T11:22:49","modified_gmt":"2026-02-10T10:22:49","slug":"agt-alarga-base-tributaria-com-a-implementacao-da-factura-premiada","status":"publish","type":"post","link":"https:\/\/www.radiomais.ao\/index.php\/2026\/02\/10\/agt-alarga-base-tributaria-com-a-implementacao-da-factura-premiada\/","title":{"rendered":"AGT alarga base tribut\u00e1ria com a implementa\u00e7\u00e3o da factura premiada."},"content":{"rendered":"\n<p>Com objectivo de incentivar os contribuintes a exigirem facturas na compra de bens e servi\u00e7os, a AGT lan\u00e7ou o sorteio &nbsp;factura premiada. &nbsp;<\/p>\n\n\n\n<p>O concurso que visa despertar a consci\u00eancia fiscal dos cidad\u00e3os, funciona em duas modalidades.<\/p>\n\n\n\n<p>Segundo o &nbsp;Chefe de departamento de comunica\u00e7\u00e3o da AGT, Ant\u00f3nio Bra\u00e7a, ser\u00e3o sorteados &nbsp;50 NFIS por semana.<\/p>\n\n\n\n<p>Quanto mais facturas foram submetidas ao portal, mais chances os utentes t\u00eam de &nbsp;ganhar.<\/p>\n\n\n\n<p>Ant\u00f3nio Bra\u00e7a anunciou o sorteio de &nbsp;uma resid\u00eancia e duas viaturas, para os meses de Fevereiro e abril, fruto das parcerias estrat\u00e9gicas com promotores imobili\u00e1rios.<\/p>\n\n\n<div \n    class=\"align wp-block-scb-sound-cloud\"    id=\"scbSoundCloud-1\"\n    data-attributes='{&quot;cId&quot;:&quot;468cf479-a&quot;,&quot;tracks&quot;:[{&quot;url&quot;:&quot;https:\\\/\\\/soundcloud.com\\\/radio-mais-luanda\\\/agt-lanca-sorteio-factura?si=c55b3fdb885142adbdc5ec33d91bdb8a&amp;utm_source=clipboard&amp;utm_medium=text&amp;utm_campaign=social_sharing&quot;,&quot;startTrack&quot;:0}],&quot;alignment&quot;:&quot;center&quot;,&quot;align&quot;:&quot;&quot;,&quot;options&quot;:{&quot;isAutoPlay&quot;:true,&quot;color&quot;:&quot;#f50&quot;,&quot;isBuying&quot;:true,&quot;isSharing&quot;:true,&quot;isDownload&quot;:true,&quot;isArtWork&quot;:true,&quot;isPlayCount&quot;:true,&quot;isUser&quot;:true,&quot;isSingleActive&quot;:true,&quot;isComments&quot;:true,&quot;isVisual&quot;:false,&quot;isTeaser&quot;:false,&quot;isHideRelated&quot;:false},&quot;iframeStyle&quot;:{&quot;width&quot;:&quot;100%&quot;,&quot;height&quot;:&quot;170px&quot;},&quot;frameBorder&quot;:{&quot;color&quot;:&quot;#000&quot;,&quot;style&quot;:&quot;solid&quot;,&quot;width&quot;:&quot;1px&quot;},&quot;frameBRadius&quot;:{&quot;top&quot;:&quot;3px&quot;,&quot;bottom&quot;:&quot;3px&quot;,&quot;left&quot;:&quot;3px&quot;,&quot;right&quot;:&quot;3px&quot;},&quot;frameBoxShadow&quot;:[]}'>\n<\/div>\n\n \n      ","protected":false},"excerpt":{"rendered":"<p>Com objectivo de incentivar os contribuintes a exigirem facturas na compra de bens e servi\u00e7os, a AGT lan\u00e7ou o sorteio &nbsp;factura premiada. &nbsp; O concurso que visa despertar a consci\u00eancia fiscal dos cidad\u00e3os, funciona em duas modalidades. Segundo o &nbsp;Chefe de departamento de comunica\u00e7\u00e3o da AGT, Ant\u00f3nio Bra\u00e7a, ser\u00e3o sorteados &nbsp;50 NFIS por semana. Quanto [&hellip;]<\/p>\n","protected":false},"author":3,"featured_media":4794,"comment_status":"open","ping_status":"open","sticky":false,"template":"","format":"standard","meta":{"footnotes":""},"categories":[16],"tags":[606,2031],"class_list":["post-4793","post","type-post","status-publish","format-standard","has-post-thumbnail","hentry","category-actualidade","tag-agt","tag-factura-premiada"],"blocksy_meta":[],"_links":{"self":[{"href":"https:\/\/www.radiomais.ao\/index.php\/wp-json\/wp\/v2\/posts\/4793","targetHints":{"allow":["GET"]}}],"collection":[{"href":"https:\/\/www.radiomais.ao\/index.php\/wp-json\/wp\/v2\/posts"}],"about":[{"href":"https:\/\/www.radiomais.ao\/index.php\/wp-json\/wp\/v2\/types\/post"}],"author":[{"embeddable":true,"href":"https:\/\/www.radiomais.ao\/index.php\/wp-json\/wp\/v2\/users\/3"}],"replies":[{"embeddable":true,"href":"https:\/\/www.radiomais.ao\/index.php\/wp-json\/wp\/v2\/comments?post=4793"}],"version-history":[{"count":1,"href":"https:\/\/www.radiomais.ao\/index.php\/wp-json\/wp\/v2\/posts\/4793\/revisions"}],"predecessor-version":[{"id":4795,"href":"https:\/\/www.radiomais.ao\/index.php\/wp-json\/wp\/v2\/posts\/4793\/revisions\/4795"}],"wp:featuredmedia":[{"embeddable":true,"href":"https:\/\/www.radiomais.ao\/index.php\/wp-json\/wp\/v2\/media\/4794"}],"wp:attachment":[{"href":"https:\/\/www.radiomais.ao\/index.php\/wp-json\/wp\/v2\/media?parent=4793"}],"wp:term":[{"taxonomy":"category","embeddable":true,"href":"https:\/\/www.radiomais.ao\/index.php\/wp-json\/wp\/v2\/categories?post=4793"},{"taxonomy":"post_tag","embeddable":true,"href":"https:\/\/www.radiomais.ao\/index.php\/wp-json\/wp\/v2\/tags?post=4793"}],"curies":[{"name":"wp","href":"https:\/\/api.w.org\/{rel}","templated":true}]}}