{"id":481,"date":"2025-06-24T10:24:15","date_gmt":"2025-06-24T09:24:15","guid":{"rendered":"https:\/\/www.radiomais.ao\/?p=481"},"modified":"2025-06-24T10:24:15","modified_gmt":"2025-06-24T09:24:15","slug":"cidadao-eritreu-acusado-de-adulterar-arroz-condenado-a-tres-anos-de-prisao","status":"publish","type":"post","link":"https:\/\/www.radiomais.ao\/index.php\/2025\/06\/24\/cidadao-eritreu-acusado-de-adulterar-arroz-condenado-a-tres-anos-de-prisao\/","title":{"rendered":"Cidad\u00e3o eritreu acusado de adulterar arroz condenado a tr\u00eas anos de pris\u00e3o."},"content":{"rendered":"\n<p>Ocorreu, nesta segunda-feira, o julgamento do cidad\u00e3o de nacionalidade eritreia acusado de adulterar arroz em seu estabelecimento comercial, no bairro da Arimba, munic\u00edpio do Lubango, na prov\u00edncia da Hu\u00edla. O indiv\u00edduo, de 22 anos, tinha sido detido pelo Servi\u00e7o de Investiga\u00e7\u00e3o Criminal, no dia 15 do corrente m\u00eas. Fonte<strong> <em><a href=\"https:\/\/www.opais.ao\/sociedade\/cidadao-eritreu-acusado-de-adulterar-arroz-condenado-a-tres-anos-de-prisao\/\">Opa\u00eds<\/a><\/em><\/strong><\/p>\n\n\n\n<p><\/p>\n","protected":false},"excerpt":{"rendered":"<p>Ocorreu, nesta segunda-feira, o julgamento do cidad\u00e3o de nacionalidade eritreia acusado de adulterar arroz em seu estabelecimento comercial, no bairro da Arimba, munic\u00edpio do Lubango, na prov\u00edncia da Hu\u00edla. O indiv\u00edduo, de 22 anos, tinha sido detido pelo Servi\u00e7o de Investiga\u00e7\u00e3o Criminal, no dia 15 do corrente m\u00eas. Fonte Opa\u00eds<\/p>\n","protected":false},"author":3,"featured_media":482,"comment_status":"open","ping_status":"open","sticky":false,"template":"","format":"standard","meta":{"footnotes":""},"categories":[16],"tags":[20],"class_list":["post-481","post","type-post","status-publish","format-standard","has-post-thumbnail","hentry","category-actualidade","tag-cidadao-eritreu-condenado-a-3-anos-de-prisao"],"blocksy_meta":[],"_links":{"self":[{"href":"https:\/\/www.radiomais.ao\/index.php\/wp-json\/wp\/v2\/posts\/481","targetHints":{"allow":["GET"]}}],"collection":[{"href":"https:\/\/www.radiomais.ao\/index.php\/wp-json\/wp\/v2\/posts"}],"about":[{"href":"https:\/\/www.radiomais.ao\/index.php\/wp-json\/wp\/v2\/types\/post"}],"author":[{"embeddable":true,"href":"https:\/\/www.radiomais.ao\/index.php\/wp-json\/wp\/v2\/users\/3"}],"replies":[{"embeddable":true,"href":"https:\/\/www.radiomais.ao\/index.php\/wp-json\/wp\/v2\/comments?post=481"}],"version-history":[{"count":1,"href":"https:\/\/www.radiomais.ao\/index.php\/wp-json\/wp\/v2\/posts\/481\/revisions"}],"predecessor-version":[{"id":483,"href":"https:\/\/www.radiomais.ao\/index.php\/wp-json\/wp\/v2\/posts\/481\/revisions\/483"}],"wp:featuredmedia":[{"embeddable":true,"href":"https:\/\/www.radiomais.ao\/index.php\/wp-json\/wp\/v2\/media\/482"}],"wp:attachment":[{"href":"https:\/\/www.radiomais.ao\/index.php\/wp-json\/wp\/v2\/media?parent=481"}],"wp:term":[{"taxonomy":"category","embeddable":true,"href":"https:\/\/www.radiomais.ao\/index.php\/wp-json\/wp\/v2\/categories?post=481"},{"taxonomy":"post_tag","embeddable":true,"href":"https:\/\/www.radiomais.ao\/index.php\/wp-json\/wp\/v2\/tags?post=481"}],"curies":[{"name":"wp","href":"https:\/\/api.w.org\/{rel}","templated":true}]}}