{"id":4818,"date":"2026-02-11T08:57:37","date_gmt":"2026-02-11T07:57:37","guid":{"rendered":"https:\/\/www.radiomais.ao\/?p=4818"},"modified":"2026-02-11T08:57:37","modified_gmt":"2026-02-11T07:57:37","slug":"presidente-da-republica-recebe-em-audiencia-o-lider-da-cimeira-global-de-investimento-em-africa","status":"publish","type":"post","link":"https:\/\/www.radiomais.ao\/index.php\/2026\/02\/11\/presidente-da-republica-recebe-em-audiencia-o-lider-da-cimeira-global-de-investimento-em-africa\/","title":{"rendered":"Presidente da Rep\u00fablica recebe em audi\u00eancia o l\u00edder da Cimeira Global de investimento em \u00c1frica."},"content":{"rendered":"\n<p>O Presidente da Rep\u00fablica, Jo\u00e3o Louren\u00e7o, recebeu, nesta Ter\u00e7a-feira, 10, em audi\u00eancia, o co-fundador e presidente executivo da Cimeira Global de Investimento em \u00c1frica, Akinwumi Adesina<\/p>\n\n\n\n<p>Em declara\u00e7\u00f5es \u00e0 imprensa, o respons\u00e1vel sublinhou que o encontro com o Chefe de Estado angolano foi de suma import\u00e2ncia.<\/p>\n\n\n\n<p>\u201cFoi um momento muito importante\u201d, classificou.<\/p>\n\n\n\n<p>O promotor recordou que Angola dever\u00e1 acolher ainda este ano a primeira cimeira da nova organiza\u00e7\u00e3o vocacionada para a mobiliza\u00e7\u00e3o de investimento para o continente africano, tal como foi anunciado na passada semana no Dubai pelo Presidente Jo\u00e3o Louren\u00e7o.<\/p>\n\n\n\n<p>A audi\u00eancia serviu tamb\u00e9m para avaliar aspectos ligados \u00e0 prepara\u00e7\u00e3o da referida cimeira, conforme explica\u00e7\u00f5es \u00e0 imprensa feita por Akinuwmi Adesina.<\/p>\n","protected":false},"excerpt":{"rendered":"<p>O Presidente da Rep\u00fablica, Jo\u00e3o Louren\u00e7o, recebeu, nesta Ter\u00e7a-feira, 10, em audi\u00eancia, o co-fundador e presidente executivo da Cimeira Global de Investimento em \u00c1frica, Akinwumi Adesina Em declara\u00e7\u00f5es \u00e0 imprensa, o respons\u00e1vel sublinhou que o encontro com o Chefe de Estado angolano foi de suma import\u00e2ncia. \u201cFoi um momento muito importante\u201d, classificou. O promotor recordou [&hellip;]<\/p>\n","protected":false},"author":3,"featured_media":4819,"comment_status":"open","ping_status":"open","sticky":false,"template":"","format":"standard","meta":{"footnotes":""},"categories":[16],"tags":[2039,115],"class_list":["post-4818","post","type-post","status-publish","format-standard","has-post-thumbnail","hentry","category-actualidade","tag-o-lider-da-cimeira-global-de-investimento-em-africa","tag-presidente-da-republica"],"blocksy_meta":[],"_links":{"self":[{"href":"https:\/\/www.radiomais.ao\/index.php\/wp-json\/wp\/v2\/posts\/4818","targetHints":{"allow":["GET"]}}],"collection":[{"href":"https:\/\/www.radiomais.ao\/index.php\/wp-json\/wp\/v2\/posts"}],"about":[{"href":"https:\/\/www.radiomais.ao\/index.php\/wp-json\/wp\/v2\/types\/post"}],"author":[{"embeddable":true,"href":"https:\/\/www.radiomais.ao\/index.php\/wp-json\/wp\/v2\/users\/3"}],"replies":[{"embeddable":true,"href":"https:\/\/www.radiomais.ao\/index.php\/wp-json\/wp\/v2\/comments?post=4818"}],"version-history":[{"count":1,"href":"https:\/\/www.radiomais.ao\/index.php\/wp-json\/wp\/v2\/posts\/4818\/revisions"}],"predecessor-version":[{"id":4820,"href":"https:\/\/www.radiomais.ao\/index.php\/wp-json\/wp\/v2\/posts\/4818\/revisions\/4820"}],"wp:featuredmedia":[{"embeddable":true,"href":"https:\/\/www.radiomais.ao\/index.php\/wp-json\/wp\/v2\/media\/4819"}],"wp:attachment":[{"href":"https:\/\/www.radiomais.ao\/index.php\/wp-json\/wp\/v2\/media?parent=4818"}],"wp:term":[{"taxonomy":"category","embeddable":true,"href":"https:\/\/www.radiomais.ao\/index.php\/wp-json\/wp\/v2\/categories?post=4818"},{"taxonomy":"post_tag","embeddable":true,"href":"https:\/\/www.radiomais.ao\/index.php\/wp-json\/wp\/v2\/tags?post=4818"}],"curies":[{"name":"wp","href":"https:\/\/api.w.org\/{rel}","templated":true}]}}