{"id":4821,"date":"2026-02-11T09:01:13","date_gmt":"2026-02-11T08:01:13","guid":{"rendered":"https:\/\/www.radiomais.ao\/?p=4821"},"modified":"2026-02-11T09:01:13","modified_gmt":"2026-02-11T08:01:13","slug":"joao-lourenco-defende-reforco-da-integracao-e-mobilizacao-do-capital-humano-africano-apos-eleicao-para-a-auda-nepad","status":"publish","type":"post","link":"https:\/\/www.radiomais.ao\/index.php\/2026\/02\/11\/joao-lourenco-defende-reforco-da-integracao-e-mobilizacao-do-capital-humano-africano-apos-eleicao-para-a-auda-nepad\/","title":{"rendered":"Jo\u00e3o Louren\u00e7o defende refor\u00e7o da integra\u00e7\u00e3o e mobiliza\u00e7\u00e3o do capital humano africano ap\u00f3s elei\u00e7\u00e3o para a AUDA-NEPAD."},"content":{"rendered":"\n<p><strong>O Presidente da Rep\u00fablica, Jo\u00e3o Louren\u00e7o, afirmou que o novo mandato \u00e0 frente do Comit\u00e9 de Orienta\u00e7\u00e3o dos Chefes de Estado e de Governo da Ag\u00eancia de Desenvolvimento da Uni\u00e3o Africana (AUDA-NEPAD) ser\u00e1 orientado pelo di\u00e1logo, concerta\u00e7\u00e3o pol\u00edtica e o refor\u00e7o da efic\u00e1cia institucional, ao destacar a necessidade de se acelerar a implementa\u00e7\u00e3o das estrat\u00e9gias de desenvolvimento do continente<\/strong>.<\/p>\n\n\n\n<p>As declara\u00e7\u00f5es foram feitas nesta Ter\u00e7a-feira, 10 de Fevereiro, no discurso de aceita\u00e7\u00e3o proferido ap\u00f3s a sua elei\u00e7\u00e3o para Presidente em exerc\u00edcio do \u00f3rg\u00e3o, durante a 43.\u00aa sess\u00e3o do Comit\u00e9 de Orienta\u00e7\u00e3o da AUDA-NEPAD, realizada em formato virtual.<\/p>\n\n\n\n<p>No seu pronunciamento, o tamb\u00e9m Presidente em exerc\u00edcio da Uni\u00e3o Africana, cargo cujo mandato cessa este m\u00eas, considerou que os resultados alcan\u00e7ados pela ag\u00eancia demonstram uma din\u00e2mica \u201ctransformadora\u201d, com impactos positivos nos objectivos de desenvolvimento africanos, sublinhando, no entanto, que o actual contexto imp\u00f5e elevados n\u00edveis de responsabilidade aos l\u00edderes do continente com vista a corresponder \u00e0s expectativas criadas em torno da concretiza\u00e7\u00e3o das estrat\u00e9gias definidas.<\/p>\n\n\n\n<p>O Chefe de Estado angolano referiu que o pa\u00eds vai dar continuidade ao trabalho desenvolvido pelo Presidente do Egipto, Abdel Fattah El-Sisi, ao reconhecer o legado deixado pelo seu hom\u00f3logo eg\u00edpcio na condu\u00e7\u00e3o do comit\u00e9, e assumiu o compromisso de honrar este percurso com empenho e determina\u00e7\u00e3o<\/p>\n","protected":false},"excerpt":{"rendered":"<p>O Presidente da Rep\u00fablica, Jo\u00e3o Louren\u00e7o, afirmou que o novo mandato \u00e0 frente do Comit\u00e9 de Orienta\u00e7\u00e3o dos Chefes de Estado e de Governo da Ag\u00eancia de Desenvolvimento da Uni\u00e3o Africana (AUDA-NEPAD) ser\u00e1 orientado pelo di\u00e1logo, concerta\u00e7\u00e3o pol\u00edtica e o refor\u00e7o da efic\u00e1cia institucional, ao destacar a necessidade de se acelerar a implementa\u00e7\u00e3o das estrat\u00e9gias [&hellip;]<\/p>\n","protected":false},"author":3,"featured_media":4822,"comment_status":"open","ping_status":"open","sticky":false,"template":"","format":"standard","meta":{"footnotes":""},"categories":[16],"tags":[2040],"class_list":["post-4821","post","type-post","status-publish","format-standard","has-post-thumbnail","hentry","category-actualidade","tag-reforco-da-integracao-e-mobilizacao-do-capital-humano-africano"],"blocksy_meta":[],"_links":{"self":[{"href":"https:\/\/www.radiomais.ao\/index.php\/wp-json\/wp\/v2\/posts\/4821","targetHints":{"allow":["GET"]}}],"collection":[{"href":"https:\/\/www.radiomais.ao\/index.php\/wp-json\/wp\/v2\/posts"}],"about":[{"href":"https:\/\/www.radiomais.ao\/index.php\/wp-json\/wp\/v2\/types\/post"}],"author":[{"embeddable":true,"href":"https:\/\/www.radiomais.ao\/index.php\/wp-json\/wp\/v2\/users\/3"}],"replies":[{"embeddable":true,"href":"https:\/\/www.radiomais.ao\/index.php\/wp-json\/wp\/v2\/comments?post=4821"}],"version-history":[{"count":1,"href":"https:\/\/www.radiomais.ao\/index.php\/wp-json\/wp\/v2\/posts\/4821\/revisions"}],"predecessor-version":[{"id":4823,"href":"https:\/\/www.radiomais.ao\/index.php\/wp-json\/wp\/v2\/posts\/4821\/revisions\/4823"}],"wp:featuredmedia":[{"embeddable":true,"href":"https:\/\/www.radiomais.ao\/index.php\/wp-json\/wp\/v2\/media\/4822"}],"wp:attachment":[{"href":"https:\/\/www.radiomais.ao\/index.php\/wp-json\/wp\/v2\/media?parent=4821"}],"wp:term":[{"taxonomy":"category","embeddable":true,"href":"https:\/\/www.radiomais.ao\/index.php\/wp-json\/wp\/v2\/categories?post=4821"},{"taxonomy":"post_tag","embeddable":true,"href":"https:\/\/www.radiomais.ao\/index.php\/wp-json\/wp\/v2\/tags?post=4821"}],"curies":[{"name":"wp","href":"https:\/\/api.w.org\/{rel}","templated":true}]}}