{"id":484,"date":"2025-06-24T10:30:11","date_gmt":"2025-06-24T09:30:11","guid":{"rendered":"https:\/\/www.radiomais.ao\/?p=484"},"modified":"2025-06-24T10:30:11","modified_gmt":"2025-06-24T09:30:11","slug":"cidada-brasileira-detida-por-tentar-introduzir-60-capsulas-de-cocaina-em-angola","status":"publish","type":"post","link":"https:\/\/www.radiomais.ao\/index.php\/2025\/06\/24\/cidada-brasileira-detida-por-tentar-introduzir-60-capsulas-de-cocaina-em-angola\/","title":{"rendered":"Cidad\u00e3 brasileira detida por tentar  introduzir  60 c\u00e1psulas de coca\u00edna em Angola."},"content":{"rendered":"\n<p>Em uma opera\u00e7\u00e3o conduzida esta segunda-feira pela Administra\u00e7\u00e3o Geral Tribut\u00e1ria, em coordena\u00e7\u00e3o com o Servi\u00e7o de Investiga\u00e7\u00e3o Criminal e a Pol\u00edcia de Guarda Fronteiras, no interior do Aeroporto Internacional 4 de Fevereiro, foi poss\u00edvel deter uma cidad\u00e3 de 33 anos de idade, proveniente de S\u00e3o Paulo, Brasil, quando tentava introduzir ilegalmente cerca de 60 c\u00e1psulas de coca\u00edna em solo nacional. Fonte <strong><em><a href=\"https:\/\/www.opais.ao\/sociedade\/cidada-brasileira-detida-por-tentativa-de-introduzir-cerca-de-60-capsulas-de-cocaina-em-angola\/\">Opa\u00eds<\/a><\/em><\/strong><\/p>\n","protected":false},"excerpt":{"rendered":"<p>Em uma opera\u00e7\u00e3o conduzida esta segunda-feira pela Administra\u00e7\u00e3o Geral Tribut\u00e1ria, em coordena\u00e7\u00e3o com o Servi\u00e7o de Investiga\u00e7\u00e3o Criminal e a Pol\u00edcia de Guarda Fronteiras, no interior do Aeroporto Internacional 4 de Fevereiro, foi poss\u00edvel deter uma cidad\u00e3 de 33 anos de idade, proveniente de S\u00e3o Paulo, Brasil, quando tentava introduzir ilegalmente cerca de 60 c\u00e1psulas [&hellip;]<\/p>\n","protected":false},"author":3,"featured_media":485,"comment_status":"open","ping_status":"open","sticky":false,"template":"","format":"standard","meta":{"footnotes":""},"categories":[16],"tags":[],"class_list":["post-484","post","type-post","status-publish","format-standard","has-post-thumbnail","hentry","category-actualidade"],"blocksy_meta":[],"_links":{"self":[{"href":"https:\/\/www.radiomais.ao\/index.php\/wp-json\/wp\/v2\/posts\/484","targetHints":{"allow":["GET"]}}],"collection":[{"href":"https:\/\/www.radiomais.ao\/index.php\/wp-json\/wp\/v2\/posts"}],"about":[{"href":"https:\/\/www.radiomais.ao\/index.php\/wp-json\/wp\/v2\/types\/post"}],"author":[{"embeddable":true,"href":"https:\/\/www.radiomais.ao\/index.php\/wp-json\/wp\/v2\/users\/3"}],"replies":[{"embeddable":true,"href":"https:\/\/www.radiomais.ao\/index.php\/wp-json\/wp\/v2\/comments?post=484"}],"version-history":[{"count":1,"href":"https:\/\/www.radiomais.ao\/index.php\/wp-json\/wp\/v2\/posts\/484\/revisions"}],"predecessor-version":[{"id":489,"href":"https:\/\/www.radiomais.ao\/index.php\/wp-json\/wp\/v2\/posts\/484\/revisions\/489"}],"wp:featuredmedia":[{"embeddable":true,"href":"https:\/\/www.radiomais.ao\/index.php\/wp-json\/wp\/v2\/media\/485"}],"wp:attachment":[{"href":"https:\/\/www.radiomais.ao\/index.php\/wp-json\/wp\/v2\/media?parent=484"}],"wp:term":[{"taxonomy":"category","embeddable":true,"href":"https:\/\/www.radiomais.ao\/index.php\/wp-json\/wp\/v2\/categories?post=484"},{"taxonomy":"post_tag","embeddable":true,"href":"https:\/\/www.radiomais.ao\/index.php\/wp-json\/wp\/v2\/tags?post=484"}],"curies":[{"name":"wp","href":"https:\/\/api.w.org\/{rel}","templated":true}]}}