{"id":4850,"date":"2026-02-12T08:35:59","date_gmt":"2026-02-12T07:35:59","guid":{"rendered":"https:\/\/www.radiomais.ao\/?p=4850"},"modified":"2026-02-12T08:35:59","modified_gmt":"2026-02-12T07:35:59","slug":"benguela-perde-para-huambo-estatuto-de-terceira-provincia-mais-populosa-de-angola","status":"publish","type":"post","link":"https:\/\/www.radiomais.ao\/index.php\/2026\/02\/12\/benguela-perde-para-huambo-estatuto-de-terceira-provincia-mais-populosa-de-angola\/","title":{"rendered":"Benguela perde para Huambo estatuto de terceira prov\u00edncia mais populosa de Angola."},"content":{"rendered":"\n<p><strong>O director-geral do Instituto Nacional de Estat\u00edstica, Joel Futi, aponta a migra\u00e7\u00e3o como principal factor. Nos \u00faltimos dez anos, muita gente deixou Benguela e foi viver para outras regi\u00f5es \u00e0 procura de melhores condi\u00e7\u00f5es de vida. A prov\u00edncia do Huambo conta, actualmente, com 2,7 milh\u00f5es de habitantes contra os 2,6 milh\u00f5es de que Benguela, neste momento, disp\u00f5e<\/strong>.<\/p>\n\n\n\n<p>Muitos cidad\u00e3os, que, anteriormente, tinham resid\u00eancia fixa em Benguela, abandonaram a prov\u00edncia e rumaram para outras latitudes \u00e0 procura de melhores condi\u00e7\u00f5es de vida \u2013 revelou o director-geral do Instituto Nacional de Estat\u00edsticas, Joel Futi, que se apegou a dados produzidos em 2024 pelo Censo Nacional da Popula\u00e7\u00e3o e Habita\u00e7\u00e3o. Numa curta declara\u00e7\u00e3o o respons\u00e1vel apontou os jovens como aquela camada social que mais abandonou a prov\u00edncia nos \u00faltimos dez anos.<\/p>\n\n\n\n<p>\u201cPortanto, muitos jovens abandonaram a prov\u00edncia de Benguela\u201d, refere. Intervindo na cerim\u00f3nia de apresenta\u00e7\u00e3o dos dados definitivos do censo para a prov\u00edncia de Benguela, o respons\u00e1vel come\u00e7ou por reiterar o rigor t\u00e9cnico e a transpar\u00eancia com que se produziram os resultados do censo, na base das boas pr\u00e1ticas internacionais recomendadas pelas Na\u00e7\u00f5es Unidas, para depois ilustrar os indicadores demogr\u00e1ficos e socioecon\u00f3micos da prov\u00edncia de Benguela, resumidos, essencialmente, em agregados familiares e habita\u00e7\u00f5es, para al\u00e9m das suas caracter\u00edsticas.<\/p>\n\n\n\n<p>Desta feita, revela que a popula\u00e7\u00e3o residente na prov\u00edncia de Benguela, \u00e0 data de 19 de Setembro de 2024, altura que se realizou o censo, foi estimada em 2,6 milh\u00f5es de habitantes, representando, deste modo, um aumento de 365 mil, nos \u00faltimos dez anos. Ou seja, conforme sustenta, a regi\u00e3o registou uma taxa de crescimento m\u00e9dio anual de 1,5 por cento ao ano. Ler mais em<strong><em><a href=\"https:\/\/www.opais.ao\/politica\/benguela-perde-para-huambo-estatuto-de-terceira-provincia-mais-populosa-de-angola\/\"> Opa\u00eds<\/a><\/em><\/strong><\/p>\n\n\n\n<p><\/p>\n","protected":false},"excerpt":{"rendered":"<p>O director-geral do Instituto Nacional de Estat\u00edstica, Joel Futi, aponta a migra\u00e7\u00e3o como principal factor. Nos \u00faltimos dez anos, muita gente deixou Benguela e foi viver para outras regi\u00f5es \u00e0 procura de melhores condi\u00e7\u00f5es de vida. A prov\u00edncia do Huambo conta, actualmente, com 2,7 milh\u00f5es de habitantes contra os 2,6 milh\u00f5es de que Benguela, neste [&hellip;]<\/p>\n","protected":false},"author":3,"featured_media":4851,"comment_status":"open","ping_status":"open","sticky":false,"template":"","format":"standard","meta":{"footnotes":""},"categories":[16],"tags":[2053],"class_list":["post-4850","post","type-post","status-publish","format-standard","has-post-thumbnail","hentry","category-actualidade","tag-provincia-do-huambo"],"blocksy_meta":[],"_links":{"self":[{"href":"https:\/\/www.radiomais.ao\/index.php\/wp-json\/wp\/v2\/posts\/4850","targetHints":{"allow":["GET"]}}],"collection":[{"href":"https:\/\/www.radiomais.ao\/index.php\/wp-json\/wp\/v2\/posts"}],"about":[{"href":"https:\/\/www.radiomais.ao\/index.php\/wp-json\/wp\/v2\/types\/post"}],"author":[{"embeddable":true,"href":"https:\/\/www.radiomais.ao\/index.php\/wp-json\/wp\/v2\/users\/3"}],"replies":[{"embeddable":true,"href":"https:\/\/www.radiomais.ao\/index.php\/wp-json\/wp\/v2\/comments?post=4850"}],"version-history":[{"count":1,"href":"https:\/\/www.radiomais.ao\/index.php\/wp-json\/wp\/v2\/posts\/4850\/revisions"}],"predecessor-version":[{"id":4852,"href":"https:\/\/www.radiomais.ao\/index.php\/wp-json\/wp\/v2\/posts\/4850\/revisions\/4852"}],"wp:featuredmedia":[{"embeddable":true,"href":"https:\/\/www.radiomais.ao\/index.php\/wp-json\/wp\/v2\/media\/4851"}],"wp:attachment":[{"href":"https:\/\/www.radiomais.ao\/index.php\/wp-json\/wp\/v2\/media?parent=4850"}],"wp:term":[{"taxonomy":"category","embeddable":true,"href":"https:\/\/www.radiomais.ao\/index.php\/wp-json\/wp\/v2\/categories?post=4850"},{"taxonomy":"post_tag","embeddable":true,"href":"https:\/\/www.radiomais.ao\/index.php\/wp-json\/wp\/v2\/tags?post=4850"}],"curies":[{"name":"wp","href":"https:\/\/api.w.org\/{rel}","templated":true}]}}