{"id":4853,"date":"2026-02-12T08:39:09","date_gmt":"2026-02-12T07:39:09","guid":{"rendered":"https:\/\/www.radiomais.ao\/?p=4853"},"modified":"2026-02-12T08:39:09","modified_gmt":"2026-02-12T07:39:09","slug":"angola-propoe-cessar-fogo-entre-governo-da-rdc-e-m23-a-partir-de-18-de-fevereiro","status":"publish","type":"post","link":"https:\/\/www.radiomais.ao\/index.php\/2026\/02\/12\/angola-propoe-cessar-fogo-entre-governo-da-rdc-e-m23-a-partir-de-18-de-fevereiro\/","title":{"rendered":"Angola prop\u00f5e cessar-fogo entre Governo da RDC e M23 a partir de 18 de Fevereiro."},"content":{"rendered":"\n<p>A Angola prop\u00f4s a entrada em vigor de um cessar- fogo entre o Governo da Rep\u00fablica Democr\u00e1tica do Congo (RDC) e o movimento rebelde M23, a partir das 12h00 do pr\u00f3ximo dia 18 de Fevereiro, aguardando-se agora um pronunciamento p\u00fablico das partes sobre a aceita\u00e7\u00e3o da data sugerida.<\/p>\n\n\n\n<p>A informa\u00e7\u00e3o consta de um comunicado da Presid\u00eancia da Rep\u00fablica, divulgado nesta Ter\u00e7a-feira, 11, na sequ\u00eancia do encontro realizado em Luanda entre o Presidente da Rep\u00fablica de Angola, Jo\u00e3o Louren\u00e7o, o Presidente do Togo, Faure Essozimna Gnassingb\u00e9, o Presidente da RDC, F\u00e9lix Tshisekedi, e o ex-Presidente da Nig\u00e9ria, Olusegun Obasanjo.<\/p>\n\n\n\n<p>Segundo o documento, a proposta surge ap\u00f3s consultas realizadas junto das partes interessadas no processo. De acordo com o comunicado, o in\u00edcio da fase preparat\u00f3ria do di\u00e1logo inter-congol\u00eas, que dever\u00e1 igualmente decorrer em Luanda, ser\u00e1 anunciado oportunamente. Ler mais em <strong><em><a href=\"https:\/\/www.opais.ao\/politica\/angola-propoe-cessar-fogo-entre-governo-da-rdc-e-m23-a-partir-de-18-de-fevereiro\/\">Opa\u00eds<\/a><\/em><\/strong><\/p>\n","protected":false},"excerpt":{"rendered":"<p>A Angola prop\u00f4s a entrada em vigor de um cessar- fogo entre o Governo da Rep\u00fablica Democr\u00e1tica do Congo (RDC) e o movimento rebelde M23, a partir das 12h00 do pr\u00f3ximo dia 18 de Fevereiro, aguardando-se agora um pronunciamento p\u00fablico das partes sobre a aceita\u00e7\u00e3o da data sugerida. A informa\u00e7\u00e3o consta de um comunicado da [&hellip;]<\/p>\n","protected":false},"author":3,"featured_media":4854,"comment_status":"open","ping_status":"open","sticky":false,"template":"","format":"standard","meta":{"footnotes":""},"categories":[16],"tags":[2054],"class_list":["post-4853","post","type-post","status-publish","format-standard","has-post-thumbnail","hentry","category-actualidade","tag-cessar-fogo-entre-governo-da-rdc-e-m23"],"blocksy_meta":[],"_links":{"self":[{"href":"https:\/\/www.radiomais.ao\/index.php\/wp-json\/wp\/v2\/posts\/4853","targetHints":{"allow":["GET"]}}],"collection":[{"href":"https:\/\/www.radiomais.ao\/index.php\/wp-json\/wp\/v2\/posts"}],"about":[{"href":"https:\/\/www.radiomais.ao\/index.php\/wp-json\/wp\/v2\/types\/post"}],"author":[{"embeddable":true,"href":"https:\/\/www.radiomais.ao\/index.php\/wp-json\/wp\/v2\/users\/3"}],"replies":[{"embeddable":true,"href":"https:\/\/www.radiomais.ao\/index.php\/wp-json\/wp\/v2\/comments?post=4853"}],"version-history":[{"count":1,"href":"https:\/\/www.radiomais.ao\/index.php\/wp-json\/wp\/v2\/posts\/4853\/revisions"}],"predecessor-version":[{"id":4855,"href":"https:\/\/www.radiomais.ao\/index.php\/wp-json\/wp\/v2\/posts\/4853\/revisions\/4855"}],"wp:featuredmedia":[{"embeddable":true,"href":"https:\/\/www.radiomais.ao\/index.php\/wp-json\/wp\/v2\/media\/4854"}],"wp:attachment":[{"href":"https:\/\/www.radiomais.ao\/index.php\/wp-json\/wp\/v2\/media?parent=4853"}],"wp:term":[{"taxonomy":"category","embeddable":true,"href":"https:\/\/www.radiomais.ao\/index.php\/wp-json\/wp\/v2\/categories?post=4853"},{"taxonomy":"post_tag","embeddable":true,"href":"https:\/\/www.radiomais.ao\/index.php\/wp-json\/wp\/v2\/tags?post=4853"}],"curies":[{"name":"wp","href":"https:\/\/api.w.org\/{rel}","templated":true}]}}