{"id":4859,"date":"2026-02-12T08:59:40","date_gmt":"2026-02-12T07:59:40","guid":{"rendered":"https:\/\/www.radiomais.ao\/?p=4859"},"modified":"2026-02-12T08:59:40","modified_gmt":"2026-02-12T07:59:40","slug":"med-encoraja-pais-e-encarregados-a-fiscalizarem-regularidade-da-alimentacao-escolar","status":"publish","type":"post","link":"https:\/\/www.radiomais.ao\/index.php\/2026\/02\/12\/med-encoraja-pais-e-encarregados-a-fiscalizarem-regularidade-da-alimentacao-escolar\/","title":{"rendered":"MED encoraja pais e encarregados a fiscalizarem regularidade da alimenta\u00e7\u00e3o escolar."},"content":{"rendered":"\n<p><strong>Para se evitarem queixas havidas durante o Programa de Merenda Escolar, o organograma do Minist\u00e9rio da Educa\u00e7\u00e3o reserva, na coordena\u00e7\u00e3o municipal, um lugar espec\u00edfico para os pais e encarregados de educa\u00e7\u00e3o, chamando-os para um controlo e execu\u00e7\u00e3o regular da atribui\u00e7\u00e3o de refei\u00e7\u00f5es aos alunos do primeiro n\u00edvel<\/strong>.<\/p>\n\n\n\n<p>De acordo com o director nacional para a Educa\u00e7\u00e3o Pr\u00e9-escolar e Ensino Prim\u00e1rio, Gola Joaquim Ant\u00f3nio, cabe \u00e0 comiss\u00e3o de pais e encarregados de educa\u00e7\u00e3o fazer o acompanhamento e monitoria ao n\u00edvel da escola.<\/p>\n\n\n\n<p>\u201cSe, de facto, essa comiss\u00e3o registar alguma coisa que foge do foco do programa, como, por exemplo, dar alimenta\u00e7\u00e3o seca ou n\u00e3o dar nada, desvio do or\u00e7amento da alimenta\u00e7\u00e3o devidamente comprovado, h\u00e1 mecanismos pr\u00f3prios para fazer a den\u00fancia\u201d, frisou o dirigente do Minist\u00e9rio da Educa\u00e7\u00e3o (MED), tendo garantido que a coordena\u00e7\u00e3o nacional tamb\u00e9m vai trabalhar nisso, porque, no seu plano anual, tamb\u00e9m constam visitas a essas entidades todas.<\/p>\n\n\n\n<p>Prometeu que ele e a sua equipa de trabalho v\u00e3o descer do n\u00edvel interm\u00e9dio at\u00e9 \u00e0 base, come\u00e7ando pelos ciclos provinciais, passando pelos munic\u00edpios, chegando at\u00e9 \u00e0s escolas, para fazer acompanhamento. Gola Ant\u00f3nio est\u00e1 consciente de que n\u00e3o v\u00e3o alcan\u00e7ar todo pa\u00eds, por serem 326 munic\u00edpios, conforme fez quest\u00e3o de referir o respons\u00e1vel, que reconheceu serem muitas localidades.<\/p>\n","protected":false},"excerpt":{"rendered":"<p>Para se evitarem queixas havidas durante o Programa de Merenda Escolar, o organograma do Minist\u00e9rio da Educa\u00e7\u00e3o reserva, na coordena\u00e7\u00e3o municipal, um lugar espec\u00edfico para os pais e encarregados de educa\u00e7\u00e3o, chamando-os para um controlo e execu\u00e7\u00e3o regular da atribui\u00e7\u00e3o de refei\u00e7\u00f5es aos alunos do primeiro n\u00edvel. De acordo com o director nacional para a [&hellip;]<\/p>\n","protected":false},"author":3,"featured_media":4860,"comment_status":"open","ping_status":"open","sticky":false,"template":"","format":"standard","meta":{"footnotes":""},"categories":[16],"tags":[2056],"class_list":["post-4859","post","type-post","status-publish","format-standard","has-post-thumbnail","hentry","category-actualidade","tag-med-encoraja-pais-e-encarregados-a-fiscalizarem-regularidade-da-alimentacao-escolar"],"blocksy_meta":[],"_links":{"self":[{"href":"https:\/\/www.radiomais.ao\/index.php\/wp-json\/wp\/v2\/posts\/4859","targetHints":{"allow":["GET"]}}],"collection":[{"href":"https:\/\/www.radiomais.ao\/index.php\/wp-json\/wp\/v2\/posts"}],"about":[{"href":"https:\/\/www.radiomais.ao\/index.php\/wp-json\/wp\/v2\/types\/post"}],"author":[{"embeddable":true,"href":"https:\/\/www.radiomais.ao\/index.php\/wp-json\/wp\/v2\/users\/3"}],"replies":[{"embeddable":true,"href":"https:\/\/www.radiomais.ao\/index.php\/wp-json\/wp\/v2\/comments?post=4859"}],"version-history":[{"count":1,"href":"https:\/\/www.radiomais.ao\/index.php\/wp-json\/wp\/v2\/posts\/4859\/revisions"}],"predecessor-version":[{"id":4861,"href":"https:\/\/www.radiomais.ao\/index.php\/wp-json\/wp\/v2\/posts\/4859\/revisions\/4861"}],"wp:featuredmedia":[{"embeddable":true,"href":"https:\/\/www.radiomais.ao\/index.php\/wp-json\/wp\/v2\/media\/4860"}],"wp:attachment":[{"href":"https:\/\/www.radiomais.ao\/index.php\/wp-json\/wp\/v2\/media?parent=4859"}],"wp:term":[{"taxonomy":"category","embeddable":true,"href":"https:\/\/www.radiomais.ao\/index.php\/wp-json\/wp\/v2\/categories?post=4859"},{"taxonomy":"post_tag","embeddable":true,"href":"https:\/\/www.radiomais.ao\/index.php\/wp-json\/wp\/v2\/tags?post=4859"}],"curies":[{"name":"wp","href":"https:\/\/api.w.org\/{rel}","templated":true}]}}