{"id":4865,"date":"2026-02-12T09:04:55","date_gmt":"2026-02-12T08:04:55","guid":{"rendered":"https:\/\/www.radiomais.ao\/?p=4865"},"modified":"2026-02-12T09:04:55","modified_gmt":"2026-02-12T08:04:55","slug":"detida-mae-de-17-anos-por-enterrar-vivo-filho-recem-nascido","status":"publish","type":"post","link":"https:\/\/www.radiomais.ao\/index.php\/2026\/02\/12\/detida-mae-de-17-anos-por-enterrar-vivo-filho-recem-nascido\/","title":{"rendered":"Detida m\u00e3e de 17 anos por enterrar vivo filho rec\u00e9m-nascido."},"content":{"rendered":"\n<p>O Servi\u00e7os de Investiga\u00e7\u00e3o Criminal (SIC) deteve, na ter\u00e7a-feira, na prov\u00edncia do Namibe, uma adolescente de 17 anos de idade acusada de ter cometido o crime de homic\u00eddio qualificado.<\/p>\n\n\n\n<p>De acordo com a Angop, que cita o porta-voz do SIC, Jos\u00e9 Lolina, o caso ocorreu por volta das 7 horas de segunda-feira, dia 9, quando a acusada dirigiu-se com o rec\u00e9m-nascido de vinte dias at\u00e9 uma zona deserta da comunidade, sem o conhecimento dos familiares, cavou um buraco de aproximadamente 50 cent\u00edmetros de profundidade e, de seguida, enterrou o beb\u00e9 ainda vivo.<\/p>\n\n\n\n<p>\u201cAcreditamos que o crime ocorreu ap\u00f3s a acusada ter se desentendido com os familiares e o pai da crian\u00e7a, que ter\u00e1 negado a paternidade, motivo que levou a cometer este crime\u201d, disse.<\/p>\n\n\n\n<p>Explicou que quando questionada pelos familiares sobre o paradeiro da crian\u00e7a, a acusada confessou o acto, situa\u00e7\u00e3o que levou a formaliza\u00e7\u00e3o da den\u00fancia do crime junto das autoridades locais.<\/p>\n","protected":false},"excerpt":{"rendered":"<p>O Servi\u00e7os de Investiga\u00e7\u00e3o Criminal (SIC) deteve, na ter\u00e7a-feira, na prov\u00edncia do Namibe, uma adolescente de 17 anos de idade acusada de ter cometido o crime de homic\u00eddio qualificado. De acordo com a Angop, que cita o porta-voz do SIC, Jos\u00e9 Lolina, o caso ocorreu por volta das 7 horas de segunda-feira, dia 9, quando [&hellip;]<\/p>\n","protected":false},"author":3,"featured_media":4866,"comment_status":"open","ping_status":"open","sticky":false,"template":"","format":"standard","meta":{"footnotes":""},"categories":[16],"tags":[2058],"class_list":["post-4865","post","type-post","status-publish","format-standard","has-post-thumbnail","hentry","category-actualidade","tag-detida-mae-de-17-anos-por-enterrar-vivo-filho-recem-nascido"],"blocksy_meta":[],"_links":{"self":[{"href":"https:\/\/www.radiomais.ao\/index.php\/wp-json\/wp\/v2\/posts\/4865","targetHints":{"allow":["GET"]}}],"collection":[{"href":"https:\/\/www.radiomais.ao\/index.php\/wp-json\/wp\/v2\/posts"}],"about":[{"href":"https:\/\/www.radiomais.ao\/index.php\/wp-json\/wp\/v2\/types\/post"}],"author":[{"embeddable":true,"href":"https:\/\/www.radiomais.ao\/index.php\/wp-json\/wp\/v2\/users\/3"}],"replies":[{"embeddable":true,"href":"https:\/\/www.radiomais.ao\/index.php\/wp-json\/wp\/v2\/comments?post=4865"}],"version-history":[{"count":1,"href":"https:\/\/www.radiomais.ao\/index.php\/wp-json\/wp\/v2\/posts\/4865\/revisions"}],"predecessor-version":[{"id":4867,"href":"https:\/\/www.radiomais.ao\/index.php\/wp-json\/wp\/v2\/posts\/4865\/revisions\/4867"}],"wp:featuredmedia":[{"embeddable":true,"href":"https:\/\/www.radiomais.ao\/index.php\/wp-json\/wp\/v2\/media\/4866"}],"wp:attachment":[{"href":"https:\/\/www.radiomais.ao\/index.php\/wp-json\/wp\/v2\/media?parent=4865"}],"wp:term":[{"taxonomy":"category","embeddable":true,"href":"https:\/\/www.radiomais.ao\/index.php\/wp-json\/wp\/v2\/categories?post=4865"},{"taxonomy":"post_tag","embeddable":true,"href":"https:\/\/www.radiomais.ao\/index.php\/wp-json\/wp\/v2\/tags?post=4865"}],"curies":[{"name":"wp","href":"https:\/\/api.w.org\/{rel}","templated":true}]}}