{"id":4871,"date":"2026-02-12T10:02:51","date_gmt":"2026-02-12T09:02:51","guid":{"rendered":"https:\/\/www.radiomais.ao\/?p=4871"},"modified":"2026-02-12T10:11:39","modified_gmt":"2026-02-12T09:11:39","slug":"irmas-de-28-e-17-anos-de-idade-perderam-a-vida-por-inalacao-de-monoxido-de-carbono-no-lubango","status":"publish","type":"post","link":"https:\/\/www.radiomais.ao\/index.php\/2026\/02\/12\/irmas-de-28-e-17-anos-de-idade-perderam-a-vida-por-inalacao-de-monoxido-de-carbono-no-lubango\/","title":{"rendered":"Irm\u00e3s de 28 e 17 anos de idade perderam a vida por inala\u00e7\u00e3o de Mon\u00f3xido de Carbono no Lubango."},"content":{"rendered":"\n<p>Duas irm\u00e3s, uma de 28 e a outra de 17 anos de idade, perderam a vida em sua pr\u00f3pria resid\u00eancia nesta segunda-feira no Lubango alegadamente por inala\u00e7\u00e3o de mon\u00f3xido de carbono.<\/p>\n\n\n<div \n    class=\"align wp-block-scb-sound-cloud\"    id=\"scbSoundCloud-1\"\n    data-attributes='{&quot;cId&quot;:&quot;e7b85564-4&quot;,&quot;tracks&quot;:[{&quot;url&quot;:&quot;https:\\\/\\\/soundcloud.com\\\/radio-mais-luanda\\\/irmas-morrem-por-inalacao-de?si=230a6ed1d40c44f0b8dd6ba713fac66f&amp;utm_source=clipboard&amp;utm_medium=text&amp;utm_campaign=social_sharing&quot;,&quot;startTrack&quot;:0}],&quot;alignment&quot;:&quot;center&quot;,&quot;align&quot;:&quot;&quot;,&quot;options&quot;:{&quot;isAutoPlay&quot;:true,&quot;color&quot;:&quot;#f50&quot;,&quot;isBuying&quot;:true,&quot;isSharing&quot;:true,&quot;isDownload&quot;:true,&quot;isArtWork&quot;:true,&quot;isPlayCount&quot;:true,&quot;isUser&quot;:true,&quot;isSingleActive&quot;:true,&quot;isComments&quot;:true,&quot;isVisual&quot;:false,&quot;isTeaser&quot;:false,&quot;isHideRelated&quot;:false},&quot;iframeStyle&quot;:{&quot;width&quot;:&quot;100%&quot;,&quot;height&quot;:&quot;170px&quot;},&quot;frameBorder&quot;:{&quot;color&quot;:&quot;#000&quot;,&quot;style&quot;:&quot;solid&quot;,&quot;width&quot;:&quot;1px&quot;},&quot;frameBRadius&quot;:{&quot;top&quot;:&quot;3px&quot;,&quot;bottom&quot;:&quot;3px&quot;,&quot;left&quot;:&quot;3px&quot;,&quot;right&quot;:&quot;3px&quot;},&quot;frameBoxShadow&quot;:[]}'>\n<\/div>\n\n \n      ","protected":false},"excerpt":{"rendered":"<p>Duas irm\u00e3s, uma de 28 e a outra de 17 anos de idade, perderam a vida em sua pr\u00f3pria resid\u00eancia nesta segunda-feira no Lubango alegadamente por inala\u00e7\u00e3o de mon\u00f3xido de carbono.<\/p>\n","protected":false},"author":3,"featured_media":4872,"comment_status":"open","ping_status":"open","sticky":false,"template":"","format":"standard","meta":{"footnotes":""},"categories":[16],"tags":[1158,2059],"class_list":["post-4871","post","type-post","status-publish","format-standard","has-post-thumbnail","hentry","category-actualidade","tag-huila-2","tag-monoxido-de-carbono"],"blocksy_meta":[],"_links":{"self":[{"href":"https:\/\/www.radiomais.ao\/index.php\/wp-json\/wp\/v2\/posts\/4871","targetHints":{"allow":["GET"]}}],"collection":[{"href":"https:\/\/www.radiomais.ao\/index.php\/wp-json\/wp\/v2\/posts"}],"about":[{"href":"https:\/\/www.radiomais.ao\/index.php\/wp-json\/wp\/v2\/types\/post"}],"author":[{"embeddable":true,"href":"https:\/\/www.radiomais.ao\/index.php\/wp-json\/wp\/v2\/users\/3"}],"replies":[{"embeddable":true,"href":"https:\/\/www.radiomais.ao\/index.php\/wp-json\/wp\/v2\/comments?post=4871"}],"version-history":[{"count":2,"href":"https:\/\/www.radiomais.ao\/index.php\/wp-json\/wp\/v2\/posts\/4871\/revisions"}],"predecessor-version":[{"id":4876,"href":"https:\/\/www.radiomais.ao\/index.php\/wp-json\/wp\/v2\/posts\/4871\/revisions\/4876"}],"wp:featuredmedia":[{"embeddable":true,"href":"https:\/\/www.radiomais.ao\/index.php\/wp-json\/wp\/v2\/media\/4872"}],"wp:attachment":[{"href":"https:\/\/www.radiomais.ao\/index.php\/wp-json\/wp\/v2\/media?parent=4871"}],"wp:term":[{"taxonomy":"category","embeddable":true,"href":"https:\/\/www.radiomais.ao\/index.php\/wp-json\/wp\/v2\/categories?post=4871"},{"taxonomy":"post_tag","embeddable":true,"href":"https:\/\/www.radiomais.ao\/index.php\/wp-json\/wp\/v2\/tags?post=4871"}],"curies":[{"name":"wp","href":"https:\/\/api.w.org\/{rel}","templated":true}]}}