{"id":4874,"date":"2026-02-12T10:14:04","date_gmt":"2026-02-12T09:14:04","guid":{"rendered":"https:\/\/www.radiomais.ao\/?p=4874"},"modified":"2026-02-12T10:14:04","modified_gmt":"2026-02-12T09:14:04","slug":"presidente-da-republica-desloca-se-hoje-para-adis-abeba-etiopia","status":"publish","type":"post","link":"https:\/\/www.radiomais.ao\/index.php\/2026\/02\/12\/presidente-da-republica-desloca-se-hoje-para-adis-abeba-etiopia\/","title":{"rendered":"Presidente da Rep\u00fablica desloca-se hoje para Adis Abeba Eti\u00f3pia."},"content":{"rendered":"\n<p>O Presidente da Rep\u00fablica, Jo\u00e3o Louren\u00e7o, deslocou-se hoje a Adis Abeba, Eti\u00f3pia, para participar, de 14 a 15 desre m\u00eas, na 39.\u00aa Confer\u00eancia dos Chefes de Estado e de Governo da Uni\u00e3o Africana.<\/p>\n\n\n\n<p>A cimeira ter\u00e1 como foco a promo\u00e7\u00e3o da disponibilidade sustent\u00e1vel de recursos h\u00eddricos e a garantia de sistemas de saneamento seguros, em alinhamento com os objectivos da Agenda 2063 da Uni\u00e3o Africana. O encontro servir\u00e1 igualmente para marcar o t\u00e9rmino do mandato de Angola na presid\u00eancia rotativa da Uni\u00e3o Africana, cuja passagem de testemunho est\u00e1 prevista para o dia 15. O mandato de Angola n\u00e3o foi meremente cerimonial, segundo, o especialista em rela\u00e7oes internacionais, Adalberto Mal\u00fa. Angola assumiu a presidencia rotativa num per\u00edodo em que a diplomacia africana foi testada ao limite, acrescenta o analista.<\/p>\n\n\n<div \n    class=\"align wp-block-scb-sound-cloud\"    id=\"scbSoundCloud-1\"\n    data-attributes='{&quot;cId&quot;:&quot;fe221667-b&quot;,&quot;tracks&quot;:[{&quot;url&quot;:&quot;https:\\\/\\\/soundcloud.com\\\/radio-mais-luanda\\\/pr-se-desloca-para-adis-abeba?si=ee52f721259e4bff884e8106f2cbb631&amp;utm_source=clipboard&amp;utm_medium=text&amp;utm_campaign=social_sharing&quot;,&quot;startTrack&quot;:0}],&quot;alignment&quot;:&quot;center&quot;,&quot;align&quot;:&quot;&quot;,&quot;options&quot;:{&quot;isAutoPlay&quot;:true,&quot;color&quot;:&quot;#f50&quot;,&quot;isBuying&quot;:true,&quot;isSharing&quot;:true,&quot;isDownload&quot;:true,&quot;isArtWork&quot;:true,&quot;isPlayCount&quot;:true,&quot;isUser&quot;:true,&quot;isSingleActive&quot;:true,&quot;isComments&quot;:true,&quot;isVisual&quot;:false,&quot;isTeaser&quot;:false,&quot;isHideRelated&quot;:false},&quot;iframeStyle&quot;:{&quot;width&quot;:&quot;100%&quot;,&quot;height&quot;:&quot;170px&quot;},&quot;frameBorder&quot;:{&quot;color&quot;:&quot;#000&quot;,&quot;style&quot;:&quot;solid&quot;,&quot;width&quot;:&quot;1px&quot;},&quot;frameBRadius&quot;:{&quot;top&quot;:&quot;3px&quot;,&quot;bottom&quot;:&quot;3px&quot;,&quot;left&quot;:&quot;3px&quot;,&quot;right&quot;:&quot;3px&quot;},&quot;frameBoxShadow&quot;:[]}'>\n<\/div>\n\n \n      ","protected":false},"excerpt":{"rendered":"<p>O Presidente da Rep\u00fablica, Jo\u00e3o Louren\u00e7o, deslocou-se hoje a Adis Abeba, Eti\u00f3pia, para participar, de 14 a 15 desre m\u00eas, na 39.\u00aa Confer\u00eancia dos Chefes de Estado e de Governo da Uni\u00e3o Africana. A cimeira ter\u00e1 como foco a promo\u00e7\u00e3o da disponibilidade sustent\u00e1vel de recursos h\u00eddricos e a garantia de sistemas de saneamento seguros, em [&hellip;]<\/p>\n","protected":false},"author":3,"featured_media":4875,"comment_status":"open","ping_status":"open","sticky":false,"template":"","format":"standard","meta":{"footnotes":""},"categories":[16],"tags":[2060],"class_list":["post-4874","post","type-post","status-publish","format-standard","has-post-thumbnail","hentry","category-actualidade","tag-presidente-da-republica-desloca-se-hoje-para-adis-abeba-etiopia"],"blocksy_meta":[],"_links":{"self":[{"href":"https:\/\/www.radiomais.ao\/index.php\/wp-json\/wp\/v2\/posts\/4874","targetHints":{"allow":["GET"]}}],"collection":[{"href":"https:\/\/www.radiomais.ao\/index.php\/wp-json\/wp\/v2\/posts"}],"about":[{"href":"https:\/\/www.radiomais.ao\/index.php\/wp-json\/wp\/v2\/types\/post"}],"author":[{"embeddable":true,"href":"https:\/\/www.radiomais.ao\/index.php\/wp-json\/wp\/v2\/users\/3"}],"replies":[{"embeddable":true,"href":"https:\/\/www.radiomais.ao\/index.php\/wp-json\/wp\/v2\/comments?post=4874"}],"version-history":[{"count":1,"href":"https:\/\/www.radiomais.ao\/index.php\/wp-json\/wp\/v2\/posts\/4874\/revisions"}],"predecessor-version":[{"id":4877,"href":"https:\/\/www.radiomais.ao\/index.php\/wp-json\/wp\/v2\/posts\/4874\/revisions\/4877"}],"wp:featuredmedia":[{"embeddable":true,"href":"https:\/\/www.radiomais.ao\/index.php\/wp-json\/wp\/v2\/media\/4875"}],"wp:attachment":[{"href":"https:\/\/www.radiomais.ao\/index.php\/wp-json\/wp\/v2\/media?parent=4874"}],"wp:term":[{"taxonomy":"category","embeddable":true,"href":"https:\/\/www.radiomais.ao\/index.php\/wp-json\/wp\/v2\/categories?post=4874"},{"taxonomy":"post_tag","embeddable":true,"href":"https:\/\/www.radiomais.ao\/index.php\/wp-json\/wp\/v2\/tags?post=4874"}],"curies":[{"name":"wp","href":"https:\/\/api.w.org\/{rel}","templated":true}]}}