{"id":4878,"date":"2026-02-12T10:56:56","date_gmt":"2026-02-12T09:56:56","guid":{"rendered":"https:\/\/www.radiomais.ao\/?p=4878"},"modified":"2026-02-12T10:56:56","modified_gmt":"2026-02-12T09:56:56","slug":"sic-detem-dois-efectivos-por-violacao-grave-das-normas-de-conduta","status":"publish","type":"post","link":"https:\/\/www.radiomais.ao\/index.php\/2026\/02\/12\/sic-detem-dois-efectivos-por-violacao-grave-das-normas-de-conduta\/","title":{"rendered":"SIC det\u00e9m dois efectivos por viola\u00e7\u00e3o grave das normas de conduta."},"content":{"rendered":"\n<p>O Servi\u00e7o de Investiga\u00e7\u00e3o Criminal (SIC) deteve dois dos seus efectivos por alegada viola\u00e7\u00e3o grave das normas de conduta, em ocorr\u00eancias registadas nas prov\u00edncias de Luanda e Icolo e Bengo.<\/p>\n\n\n\n<p>De acordo com uma nota de imprensa enviada hoje , as deten\u00e7\u00f5es ocorreram nos dias 6 e 10 de Fevereiro, no \u00e2mbito da estrat\u00e9gia de \u201cpureza interna\u201d levada a cabo pelo \u00f3rg\u00e3o, ap\u00f3s den\u00fancias formalizadas.<\/p>\n\n\n\n<p>O primeiro caso envolve um efectivo afecto ao SIC do Cuanza Norte, acusado de ter efectuado disparos de arma de fogo no interior de um estabelecimento comercial, no munic\u00edpio do Cazenga, em Luanda. O incidente, ocorrido no dia 1 de Fevereiro, resultou em ferimentos num cidad\u00e3o nacional, que foi prontamente socorrido. A arma utilizada na ac\u00e7\u00e3o foi apreendida pelas autoridades.<\/p>\n\n\n\n<p>O segundo detido, afecto ao SIC de Icolo e Bengo e que exercia a fun\u00e7\u00e3o de chefe do Departamento de Investiga\u00e7\u00e3o Criminal no munic\u00edpio do Cabo Ledo, \u00e9 acusado de envolvimento na invas\u00e3o de terrenos no munic\u00edpio do Calumbo. A deten\u00e7\u00e3o ocorreu ap\u00f3s uma den\u00fancia tornada p\u00fablica nas redes sociais e posteriormente confirmada pelas autoridades. No momento dos factos, tr\u00eas outros indiv\u00edduos ter\u00e3o sido retidos pela popula\u00e7\u00e3o durante uma contenda relacionada com a ocupa\u00e7\u00e3o de terrenos. Ler mais em <strong><em><a href=\"https:\/\/www.opais.ao\/sociedade\/sic-detem-dois-efectivos-por-violacao-grave-das-normas-de-conduta\/\">Opa\u00eds.<\/a><\/em><\/strong><\/p>\n","protected":false},"excerpt":{"rendered":"<p>O Servi\u00e7o de Investiga\u00e7\u00e3o Criminal (SIC) deteve dois dos seus efectivos por alegada viola\u00e7\u00e3o grave das normas de conduta, em ocorr\u00eancias registadas nas prov\u00edncias de Luanda e Icolo e Bengo. De acordo com uma nota de imprensa enviada hoje , as deten\u00e7\u00f5es ocorreram nos dias 6 e 10 de Fevereiro, no \u00e2mbito da estrat\u00e9gia de [&hellip;]<\/p>\n","protected":false},"author":3,"featured_media":4879,"comment_status":"open","ping_status":"open","sticky":false,"template":"","format":"standard","meta":{"footnotes":""},"categories":[16],"tags":[2061],"class_list":["post-4878","post","type-post","status-publish","format-standard","has-post-thumbnail","hentry","category-actualidade","tag-efectivos-do-sic-ma-conduta"],"blocksy_meta":[],"_links":{"self":[{"href":"https:\/\/www.radiomais.ao\/index.php\/wp-json\/wp\/v2\/posts\/4878","targetHints":{"allow":["GET"]}}],"collection":[{"href":"https:\/\/www.radiomais.ao\/index.php\/wp-json\/wp\/v2\/posts"}],"about":[{"href":"https:\/\/www.radiomais.ao\/index.php\/wp-json\/wp\/v2\/types\/post"}],"author":[{"embeddable":true,"href":"https:\/\/www.radiomais.ao\/index.php\/wp-json\/wp\/v2\/users\/3"}],"replies":[{"embeddable":true,"href":"https:\/\/www.radiomais.ao\/index.php\/wp-json\/wp\/v2\/comments?post=4878"}],"version-history":[{"count":1,"href":"https:\/\/www.radiomais.ao\/index.php\/wp-json\/wp\/v2\/posts\/4878\/revisions"}],"predecessor-version":[{"id":4880,"href":"https:\/\/www.radiomais.ao\/index.php\/wp-json\/wp\/v2\/posts\/4878\/revisions\/4880"}],"wp:featuredmedia":[{"embeddable":true,"href":"https:\/\/www.radiomais.ao\/index.php\/wp-json\/wp\/v2\/media\/4879"}],"wp:attachment":[{"href":"https:\/\/www.radiomais.ao\/index.php\/wp-json\/wp\/v2\/media?parent=4878"}],"wp:term":[{"taxonomy":"category","embeddable":true,"href":"https:\/\/www.radiomais.ao\/index.php\/wp-json\/wp\/v2\/categories?post=4878"},{"taxonomy":"post_tag","embeddable":true,"href":"https:\/\/www.radiomais.ao\/index.php\/wp-json\/wp\/v2\/tags?post=4878"}],"curies":[{"name":"wp","href":"https:\/\/api.w.org\/{rel}","templated":true}]}}