{"id":4881,"date":"2026-02-12T12:13:40","date_gmt":"2026-02-12T11:13:40","guid":{"rendered":"https:\/\/www.radiomais.ao\/?p=4881"},"modified":"2026-02-12T12:17:24","modified_gmt":"2026-02-12T11:17:24","slug":"presidente-da-republica-felicita-primeira-ministra-reeleita-do-japao","status":"publish","type":"post","link":"https:\/\/www.radiomais.ao\/index.php\/2026\/02\/12\/presidente-da-republica-felicita-primeira-ministra-reeleita-do-japao\/","title":{"rendered":"Presidente da Rep\u00fablica felicita primeira-ministra reeleita do Jap\u00e3o."},"content":{"rendered":"\n<p>O Presidente da Rep\u00fablica, Jo\u00e3o Louren\u00e7o, endere\u00e7ou, nesta quinta-feira, uma mensagem de felicita\u00e7\u00f5es a Sanae Takaichi pela sua recente reelei\u00e7\u00e3o ao cargo de primeira-ministra do Jap\u00e3o, manifestando votos de sucesso para o novo mandato e reiterou o interesse no fortalecimento das rela\u00e7\u00f5es bilaterais entre os dois pa\u00edses.<\/p>\n\n\n\n<p>Na missiva enviada a T\u00f3quio, o Chefe de Estado angolano felicitou a governante japonesa em nome do Executivo angolano e em seu pr\u00f3prio nome, sublinhando que a vit\u00f3ria nas urnas representa a renova\u00e7\u00e3o da confian\u00e7a do povo japon\u00eas na sua lideran\u00e7a.<\/p>\n\n\n\n<p>Segundo Jo\u00e3o Louren\u00e7o, a reelei\u00e7\u00e3o de Sanae Takaichi permitir\u00e1 a continuidade de pol\u00edticas com impacto na consolida\u00e7\u00e3o do Jap\u00e3o enquanto pot\u00eancia industrial, tecnol\u00f3gica e econ\u00f3mica de dimens\u00e3o global.<\/p>\n\n\n\n<p>O estadista angolano destacou ainda a import\u00e2ncia do papel do Jap\u00e3o no cen\u00e1rio internacional, reconhecendo os avan\u00e7os alcan\u00e7ados sob a lideran\u00e7a da primeira-ministra.<\/p>\n\n\n\n<p>Jo\u00e3o Louren\u00e7o aproveitou ainda a ocasi\u00e3o para convidar Sanae Takaichi a efectuar uma visita oficial a Angola, com o objectivo de dar seguimento ao di\u00e1logo e \u00e0 coopera\u00e7\u00e3o que t\u00eam marcado as rela\u00e7\u00f5es entre Luanda e T\u00f3quio.<\/p>\n","protected":false},"excerpt":{"rendered":"<p>O Presidente da Rep\u00fablica, Jo\u00e3o Louren\u00e7o, endere\u00e7ou, nesta quinta-feira, uma mensagem de felicita\u00e7\u00f5es a Sanae Takaichi pela sua recente reelei\u00e7\u00e3o ao cargo de primeira-ministra do Jap\u00e3o, manifestando votos de sucesso para o novo mandato e reiterou o interesse no fortalecimento das rela\u00e7\u00f5es bilaterais entre os dois pa\u00edses. Na missiva enviada a T\u00f3quio, o Chefe de [&hellip;]<\/p>\n","protected":false},"author":3,"featured_media":4882,"comment_status":"open","ping_status":"open","sticky":false,"template":"","format":"standard","meta":{"footnotes":""},"categories":[16],"tags":[2064],"class_list":["post-4881","post","type-post","status-publish","format-standard","has-post-thumbnail","hentry","category-actualidade","tag-a-reeleicao-de-sanae-takaichi-permitira-a-continuidade-de-politicas-com-impacto-na-consolidacao-do-japao-enquanto-potencia-industrial"],"blocksy_meta":[],"_links":{"self":[{"href":"https:\/\/www.radiomais.ao\/index.php\/wp-json\/wp\/v2\/posts\/4881","targetHints":{"allow":["GET"]}}],"collection":[{"href":"https:\/\/www.radiomais.ao\/index.php\/wp-json\/wp\/v2\/posts"}],"about":[{"href":"https:\/\/www.radiomais.ao\/index.php\/wp-json\/wp\/v2\/types\/post"}],"author":[{"embeddable":true,"href":"https:\/\/www.radiomais.ao\/index.php\/wp-json\/wp\/v2\/users\/3"}],"replies":[{"embeddable":true,"href":"https:\/\/www.radiomais.ao\/index.php\/wp-json\/wp\/v2\/comments?post=4881"}],"version-history":[{"count":1,"href":"https:\/\/www.radiomais.ao\/index.php\/wp-json\/wp\/v2\/posts\/4881\/revisions"}],"predecessor-version":[{"id":4883,"href":"https:\/\/www.radiomais.ao\/index.php\/wp-json\/wp\/v2\/posts\/4881\/revisions\/4883"}],"wp:featuredmedia":[{"embeddable":true,"href":"https:\/\/www.radiomais.ao\/index.php\/wp-json\/wp\/v2\/media\/4882"}],"wp:attachment":[{"href":"https:\/\/www.radiomais.ao\/index.php\/wp-json\/wp\/v2\/media?parent=4881"}],"wp:term":[{"taxonomy":"category","embeddable":true,"href":"https:\/\/www.radiomais.ao\/index.php\/wp-json\/wp\/v2\/categories?post=4881"},{"taxonomy":"post_tag","embeddable":true,"href":"https:\/\/www.radiomais.ao\/index.php\/wp-json\/wp\/v2\/tags?post=4881"}],"curies":[{"name":"wp","href":"https:\/\/api.w.org\/{rel}","templated":true}]}}