{"id":490,"date":"2025-06-24T10:36:42","date_gmt":"2025-06-24T09:36:42","guid":{"rendered":"https:\/\/www.radiomais.ao\/?p=490"},"modified":"2025-06-24T10:36:42","modified_gmt":"2025-06-24T09:36:42","slug":"mais-de-100-pessoas-perderam-a-vida-em-um-ano-nas-estradas-do-bengo","status":"publish","type":"post","link":"https:\/\/www.radiomais.ao\/index.php\/2025\/06\/24\/mais-de-100-pessoas-perderam-a-vida-em-um-ano-nas-estradas-do-bengo\/","title":{"rendered":"Mais de 100 pessoas perderam a vida em um ano nas estradas do Bengo."},"content":{"rendered":"\n<p>O comandante da Pol\u00edcia Nacional e Delegado Provincial do Minist\u00e9rio do Interior no Bengo, Delfim Calulu In\u00e1cio, informou, na \u00faltima sexta-feira, que aquela prov\u00edncia registou, de junho de 2024 a junho de 2025, 545 acidentes de via\u00e7\u00e3o que resultaram em 119 mortos e 833 feridos. Fonte <strong><em><a href=\"https:\/\/www.opais.ao\/sociedade\/mais-de-100-pessoas-perderam-a-vida-em-um-ano-nas-estradas-do-bengo\/\">Opa\u00eds.<\/a><\/em><\/strong><\/p>\n\n\n\n<p><\/p>\n","protected":false},"excerpt":{"rendered":"<p>O comandante da Pol\u00edcia Nacional e Delegado Provincial do Minist\u00e9rio do Interior no Bengo, Delfim Calulu In\u00e1cio, informou, na \u00faltima sexta-feira, que aquela prov\u00edncia registou, de junho de 2024 a junho de 2025, 545 acidentes de via\u00e7\u00e3o que resultaram em 119 mortos e 833 feridos. Fonte Opa\u00eds.<\/p>\n","protected":false},"author":3,"featured_media":491,"comment_status":"open","ping_status":"open","sticky":false,"template":"","format":"standard","meta":{"footnotes":""},"categories":[16],"tags":[23],"class_list":["post-490","post","type-post","status-publish","format-standard","has-post-thumbnail","hentry","category-actualidade","tag-mais-de-100-pessoas-perderam-a-vida-em-um-ano-nas-estradas-do-bengo"],"blocksy_meta":[],"_links":{"self":[{"href":"https:\/\/www.radiomais.ao\/index.php\/wp-json\/wp\/v2\/posts\/490","targetHints":{"allow":["GET"]}}],"collection":[{"href":"https:\/\/www.radiomais.ao\/index.php\/wp-json\/wp\/v2\/posts"}],"about":[{"href":"https:\/\/www.radiomais.ao\/index.php\/wp-json\/wp\/v2\/types\/post"}],"author":[{"embeddable":true,"href":"https:\/\/www.radiomais.ao\/index.php\/wp-json\/wp\/v2\/users\/3"}],"replies":[{"embeddable":true,"href":"https:\/\/www.radiomais.ao\/index.php\/wp-json\/wp\/v2\/comments?post=490"}],"version-history":[{"count":1,"href":"https:\/\/www.radiomais.ao\/index.php\/wp-json\/wp\/v2\/posts\/490\/revisions"}],"predecessor-version":[{"id":492,"href":"https:\/\/www.radiomais.ao\/index.php\/wp-json\/wp\/v2\/posts\/490\/revisions\/492"}],"wp:featuredmedia":[{"embeddable":true,"href":"https:\/\/www.radiomais.ao\/index.php\/wp-json\/wp\/v2\/media\/491"}],"wp:attachment":[{"href":"https:\/\/www.radiomais.ao\/index.php\/wp-json\/wp\/v2\/media?parent=490"}],"wp:term":[{"taxonomy":"category","embeddable":true,"href":"https:\/\/www.radiomais.ao\/index.php\/wp-json\/wp\/v2\/categories?post=490"},{"taxonomy":"post_tag","embeddable":true,"href":"https:\/\/www.radiomais.ao\/index.php\/wp-json\/wp\/v2\/tags?post=490"}],"curies":[{"name":"wp","href":"https:\/\/api.w.org\/{rel}","templated":true}]}}