{"id":4901,"date":"2026-02-13T09:10:06","date_gmt":"2026-02-13T08:10:06","guid":{"rendered":"https:\/\/www.radiomais.ao\/?p=4901"},"modified":"2026-02-13T09:10:06","modified_gmt":"2026-02-13T08:10:06","slug":"moradores-divididos-entre-novas-construcoes-e-descaracterizacao-da-centralidade-do-kilamba","status":"publish","type":"post","link":"https:\/\/www.radiomais.ao\/index.php\/2026\/02\/13\/moradores-divididos-entre-novas-construcoes-e-descaracterizacao-da-centralidade-do-kilamba\/","title":{"rendered":"Moradores divididos entre novas constru\u00e7\u00f5es e descaracteriza\u00e7\u00e3o da Centralidade do Kilamba."},"content":{"rendered":"\n<p><strong>A Centralidade do Kilamba, durante anos, apresentada como exemplo de planeamento urbano e organiza\u00e7\u00e3o habitacional no pa\u00eds, vive hoje um novo momento com o surgimento de v\u00e1rias constru\u00e7\u00f5es que come\u00e7aram a ser edificadas em diferentes pontos, ocupando espa\u00e7os antes livres, \u00e1reas verdes e outros locais. A situa\u00e7\u00e3o divide a opini\u00e3o dos moradores, sendo que uns aplaudem as edifica\u00e7\u00f5es e outros mostram-se contra por considerarem estar a descaracterizar aquela centralidade constru\u00edda em 2011<\/strong>.<\/p>\n\n\n\n<p>As obras, vis\u00edveis em v\u00e1rios quarteir\u00f5es da Centralidade do Kilamba, tida como refer\u00eancia urbana, trouxeram consigo uma mistura de expectativas e preocupa\u00e7\u00f5es. Para alguns moradores, representam progresso, combate ao abandono de terrenos e aproxima\u00e7\u00e3o de servi\u00e7os essenciais. Para outros, s\u00e3o sinais de descaracteriza\u00e7\u00e3o do projecto original e amea\u00e7a \u00e0 qualidade de vida.<\/p>\n\n\n\n<p>Para constatar esta realidade, o jornal OPA\u00cdS esteve naquela Centralidade, inaugurada em 2011, onde ouviu moradores, trabalhadores e oper\u00e1rios para perceber como estas novas constru\u00e7\u00f5es est\u00e3o a ser recebidas e que impacto poder\u00e3o ter no futuro do munic\u00edpio. Entre os interlocutores, o morador Cl\u00e1udio Silva avan\u00e7ou que as obras em curso podem trazer benef\u00edcios para a comunidade. Na sua avalia\u00e7\u00e3o, o munic\u00edpio do Kilamba mant\u00e9m-se organizado e limpo, e as novas infra-estruturas poder\u00e3o contribuir para melhorar a imagem da Centralidade. Ler mais em Opa\u00eds.<\/p>\n","protected":false},"excerpt":{"rendered":"<p>A Centralidade do Kilamba, durante anos, apresentada como exemplo de planeamento urbano e organiza\u00e7\u00e3o habitacional no pa\u00eds, vive hoje um novo momento com o surgimento de v\u00e1rias constru\u00e7\u00f5es que come\u00e7aram a ser edificadas em diferentes pontos, ocupando espa\u00e7os antes livres, \u00e1reas verdes e outros locais. A situa\u00e7\u00e3o divide a opini\u00e3o dos moradores, sendo que uns [&hellip;]<\/p>\n","protected":false},"author":3,"featured_media":4902,"comment_status":"open","ping_status":"open","sticky":false,"template":"","format":"standard","meta":{"footnotes":""},"categories":[16],"tags":[2070,2069],"class_list":["post-4901","post","type-post","status-publish","format-standard","has-post-thumbnail","hentry","category-actualidade","tag-descaracterizacao-da-centralidade-do-kilamba","tag-moradores-divididos-entre-novas-construcoes"],"blocksy_meta":[],"_links":{"self":[{"href":"https:\/\/www.radiomais.ao\/index.php\/wp-json\/wp\/v2\/posts\/4901","targetHints":{"allow":["GET"]}}],"collection":[{"href":"https:\/\/www.radiomais.ao\/index.php\/wp-json\/wp\/v2\/posts"}],"about":[{"href":"https:\/\/www.radiomais.ao\/index.php\/wp-json\/wp\/v2\/types\/post"}],"author":[{"embeddable":true,"href":"https:\/\/www.radiomais.ao\/index.php\/wp-json\/wp\/v2\/users\/3"}],"replies":[{"embeddable":true,"href":"https:\/\/www.radiomais.ao\/index.php\/wp-json\/wp\/v2\/comments?post=4901"}],"version-history":[{"count":1,"href":"https:\/\/www.radiomais.ao\/index.php\/wp-json\/wp\/v2\/posts\/4901\/revisions"}],"predecessor-version":[{"id":4903,"href":"https:\/\/www.radiomais.ao\/index.php\/wp-json\/wp\/v2\/posts\/4901\/revisions\/4903"}],"wp:featuredmedia":[{"embeddable":true,"href":"https:\/\/www.radiomais.ao\/index.php\/wp-json\/wp\/v2\/media\/4902"}],"wp:attachment":[{"href":"https:\/\/www.radiomais.ao\/index.php\/wp-json\/wp\/v2\/media?parent=4901"}],"wp:term":[{"taxonomy":"category","embeddable":true,"href":"https:\/\/www.radiomais.ao\/index.php\/wp-json\/wp\/v2\/categories?post=4901"},{"taxonomy":"post_tag","embeddable":true,"href":"https:\/\/www.radiomais.ao\/index.php\/wp-json\/wp\/v2\/tags?post=4901"}],"curies":[{"name":"wp","href":"https:\/\/api.w.org\/{rel}","templated":true}]}}