{"id":4904,"date":"2026-02-13T09:13:56","date_gmt":"2026-02-13T08:13:56","guid":{"rendered":"https:\/\/www.radiomais.ao\/?p=4904"},"modified":"2026-02-13T09:13:56","modified_gmt":"2026-02-13T08:13:56","slug":"fim-da-missao-angolana-uniao-africana-herda-de-angola-um-legado-de-diplomacia-activa-em-tempos-de-incerteza","status":"publish","type":"post","link":"https:\/\/www.radiomais.ao\/index.php\/2026\/02\/13\/fim-da-missao-angolana-uniao-africana-herda-de-angola-um-legado-de-diplomacia-activa-em-tempos-de-incerteza\/","title":{"rendered":"Fim da miss\u00e3o angolana: Uni\u00e3o Africana herda de Angola um legado de diplomacia activa em tempos de incerteza."},"content":{"rendered":"\n<p><strong>Assumir a lideran\u00e7a da Uni\u00e3o Africana (UA) num contexto complexo, marcado por m\u00faltiplos focos de instabilidade, crises p\u00f3s-eleitorais, conflitos armados persistentes e um ambiente geopol\u00edtico internacional de elevada incerteza, \u00e9 o desafio a que Angola se predisp\u00f4s, com o apoio de todos os Estados-membros da Comunidade de Desenvolvimento da \u00c1frica Austral (SADC)<\/strong><\/p>\n\n\n\n<p>O calend\u00e1rio assinalava 17 de Agosto de 2 0 2 3 quan do os Chefes de Estado e de Governo, reunidos na 43.\u00aa Cimeira, realizada em Luanda, aprovaram por unanimidade a decis\u00e3o 28, que conferia a Jo\u00e3o Louren\u00e7o a possibilidade de candidatar-se \u00e0 presid\u00eancia rotativa da Uni\u00e3o Africana para o mandado de um ano que, por for\u00e7a dos seus estatutos, estava reservado aos pa\u00edses desta regi\u00e3o do nosso continente.<\/p>\n\n\n\n<p>Para preparar, coordenar e organizar todas as tarefas inerentes \u00e0 lideran\u00e7a de Angola na UA, o Presidente da Rep\u00fablica criou, em Novembro de 2024, um grupo de trabalho intermi- nisterial liderado pelo ministro das Rela\u00e7\u00f5es Exteriores, T\u00e9te Ant\u00f3nio, coadjuvado pelo ministro da Defesa Nacional, Antigos Combatentes e Veteranos da P\u00e1tria, Jo\u00e3o Ernesto dos Santos \u201cLiberdade\u201d. Ler mais em <strong><em><a href=\"https:\/\/www.opais.ao\/politica\/https-www-opais-ao-politica-fim-da-missao-angolanauniao-africana-herda-de-angola-um-legado-de-diplomacia-activa-em-tempos-de-incerteza\/\">Opa\u00eds<\/a><\/em><\/strong><\/p>\n","protected":false},"excerpt":{"rendered":"<p>Assumir a lideran\u00e7a da Uni\u00e3o Africana (UA) num contexto complexo, marcado por m\u00faltiplos focos de instabilidade, crises p\u00f3s-eleitorais, conflitos armados persistentes e um ambiente geopol\u00edtico internacional de elevada incerteza, \u00e9 o desafio a que Angola se predisp\u00f4s, com o apoio de todos os Estados-membros da Comunidade de Desenvolvimento da \u00c1frica Austral (SADC) O calend\u00e1rio assinalava [&hellip;]<\/p>\n","protected":false},"author":3,"featured_media":4905,"comment_status":"open","ping_status":"open","sticky":false,"template":"","format":"standard","meta":{"footnotes":""},"categories":[16],"tags":[2071],"class_list":["post-4904","post","type-post","status-publish","format-standard","has-post-thumbnail","hentry","category-actualidade","tag-uniao-africana-herda-de-angola-um-legado-de-diplomacia"],"blocksy_meta":[],"_links":{"self":[{"href":"https:\/\/www.radiomais.ao\/index.php\/wp-json\/wp\/v2\/posts\/4904","targetHints":{"allow":["GET"]}}],"collection":[{"href":"https:\/\/www.radiomais.ao\/index.php\/wp-json\/wp\/v2\/posts"}],"about":[{"href":"https:\/\/www.radiomais.ao\/index.php\/wp-json\/wp\/v2\/types\/post"}],"author":[{"embeddable":true,"href":"https:\/\/www.radiomais.ao\/index.php\/wp-json\/wp\/v2\/users\/3"}],"replies":[{"embeddable":true,"href":"https:\/\/www.radiomais.ao\/index.php\/wp-json\/wp\/v2\/comments?post=4904"}],"version-history":[{"count":1,"href":"https:\/\/www.radiomais.ao\/index.php\/wp-json\/wp\/v2\/posts\/4904\/revisions"}],"predecessor-version":[{"id":4906,"href":"https:\/\/www.radiomais.ao\/index.php\/wp-json\/wp\/v2\/posts\/4904\/revisions\/4906"}],"wp:featuredmedia":[{"embeddable":true,"href":"https:\/\/www.radiomais.ao\/index.php\/wp-json\/wp\/v2\/media\/4905"}],"wp:attachment":[{"href":"https:\/\/www.radiomais.ao\/index.php\/wp-json\/wp\/v2\/media?parent=4904"}],"wp:term":[{"taxonomy":"category","embeddable":true,"href":"https:\/\/www.radiomais.ao\/index.php\/wp-json\/wp\/v2\/categories?post=4904"},{"taxonomy":"post_tag","embeddable":true,"href":"https:\/\/www.radiomais.ao\/index.php\/wp-json\/wp\/v2\/tags?post=4904"}],"curies":[{"name":"wp","href":"https:\/\/api.w.org\/{rel}","templated":true}]}}