{"id":4907,"date":"2026-02-13T09:18:09","date_gmt":"2026-02-13T08:18:09","guid":{"rendered":"https:\/\/www.radiomais.ao\/?p=4907"},"modified":"2026-02-13T09:18:09","modified_gmt":"2026-02-13T08:18:09","slug":"angola-vai-implementar-curso-de-mecanizacao-agricola-com-apoio-da-india","status":"publish","type":"post","link":"https:\/\/www.radiomais.ao\/index.php\/2026\/02\/13\/angola-vai-implementar-curso-de-mecanizacao-agricola-com-apoio-da-india\/","title":{"rendered":"Angola vai implementar curso de mecaniza\u00e7\u00e3o agr\u00edcola com apoio da \u00cdndia."},"content":{"rendered":"\n<p><strong>A ministra angolana da Administra\u00e7\u00e3o P\u00fablica, Trabalho e Seguran\u00e7a Social, Teresa Dias, encontra- se na \u00cdndia, onde trabalha de 9 a 12 deste m\u00eas, com objectivo de conhecer e estabelecer parcerias para a implementa\u00e7\u00e3o do curso t\u00e9cnico de mecaniza\u00e7\u00e3o agricola ainda neste ano no pa\u00eds<\/strong>.<\/p>\n\n\n\n<p>Os trabalhos decorrem nas prov\u00edncias de Mumbai, Bengaluru e Nagpur, onde a delega\u00e7\u00e3o angolana j\u00e1 reuniu com a direc\u00e7\u00e3o da Campotec Lda, direc\u00e7\u00e3o-geral da empresa Mahindra, l\u00edder mundial de produ\u00e7\u00e3o e vendas de tractores agr\u00edcolas.<\/p>\n\n\n\n<p>Segundo uma nota de imprensa, os trabalhos visam assegurar a implementa\u00e7\u00e3o de cursos t\u00e9cnicos de mecaniza\u00e7\u00e3o agr\u00edcola a n\u00edvel do Sistema Nacional de Forma\u00e7\u00e3o Profissional, atrav\u00e9s do INEFOP. Ler mais em<strong><em><a href=\"https:\/\/www.opais.ao\/economia\/angola-vai-implementar-curso-de-mecanizacao-agricola-com-apoio-da-india\/\"> Opa\u00eds<\/a><\/em><\/strong><\/p>\n","protected":false},"excerpt":{"rendered":"<p>A ministra angolana da Administra\u00e7\u00e3o P\u00fablica, Trabalho e Seguran\u00e7a Social, Teresa Dias, encontra- se na \u00cdndia, onde trabalha de 9 a 12 deste m\u00eas, com objectivo de conhecer e estabelecer parcerias para a implementa\u00e7\u00e3o do curso t\u00e9cnico de mecaniza\u00e7\u00e3o agricola ainda neste ano no pa\u00eds. Os trabalhos decorrem nas prov\u00edncias de Mumbai, Bengaluru e Nagpur, [&hellip;]<\/p>\n","protected":false},"author":3,"featured_media":4908,"comment_status":"open","ping_status":"open","sticky":false,"template":"","format":"standard","meta":{"footnotes":""},"categories":[16],"tags":[2072],"class_list":["post-4907","post","type-post","status-publish","format-standard","has-post-thumbnail","hentry","category-actualidade","tag-curso-de-mecanizacao-agricola-com-apoio-da-india"],"blocksy_meta":[],"_links":{"self":[{"href":"https:\/\/www.radiomais.ao\/index.php\/wp-json\/wp\/v2\/posts\/4907","targetHints":{"allow":["GET"]}}],"collection":[{"href":"https:\/\/www.radiomais.ao\/index.php\/wp-json\/wp\/v2\/posts"}],"about":[{"href":"https:\/\/www.radiomais.ao\/index.php\/wp-json\/wp\/v2\/types\/post"}],"author":[{"embeddable":true,"href":"https:\/\/www.radiomais.ao\/index.php\/wp-json\/wp\/v2\/users\/3"}],"replies":[{"embeddable":true,"href":"https:\/\/www.radiomais.ao\/index.php\/wp-json\/wp\/v2\/comments?post=4907"}],"version-history":[{"count":1,"href":"https:\/\/www.radiomais.ao\/index.php\/wp-json\/wp\/v2\/posts\/4907\/revisions"}],"predecessor-version":[{"id":4909,"href":"https:\/\/www.radiomais.ao\/index.php\/wp-json\/wp\/v2\/posts\/4907\/revisions\/4909"}],"wp:featuredmedia":[{"embeddable":true,"href":"https:\/\/www.radiomais.ao\/index.php\/wp-json\/wp\/v2\/media\/4908"}],"wp:attachment":[{"href":"https:\/\/www.radiomais.ao\/index.php\/wp-json\/wp\/v2\/media?parent=4907"}],"wp:term":[{"taxonomy":"category","embeddable":true,"href":"https:\/\/www.radiomais.ao\/index.php\/wp-json\/wp\/v2\/categories?post=4907"},{"taxonomy":"post_tag","embeddable":true,"href":"https:\/\/www.radiomais.ao\/index.php\/wp-json\/wp\/v2\/tags?post=4907"}],"curies":[{"name":"wp","href":"https:\/\/api.w.org\/{rel}","templated":true}]}}