{"id":4910,"date":"2026-02-13T10:44:15","date_gmt":"2026-02-13T09:44:15","guid":{"rendered":"https:\/\/www.radiomais.ao\/?p=4910"},"modified":"2026-02-13T10:44:15","modified_gmt":"2026-02-13T09:44:15","slug":"novas-estradas-em-luanda-engolidas-pelo-comercio-nos-passeios","status":"publish","type":"post","link":"https:\/\/www.radiomais.ao\/index.php\/2026\/02\/13\/novas-estradas-em-luanda-engolidas-pelo-comercio-nos-passeios\/","title":{"rendered":"Novas estradas em Luanda \u201cengolidas\u201d pelo com\u00e9rcio nos passeios."},"content":{"rendered":"\n<p><strong>A reabilita\u00e7\u00e3o de estradas em alguns pontos da cidade capital tem dado origem ao com\u00e9rcio desordenado junto destas, protagonizado por vendedoras, que fazem dos passeios pontos de venda, substituindo os mercados formais. Numa ronda efectuada por este jornal, foi poss\u00edvel constatar a situa\u00e7\u00e3o e, inquiridas as comerciantes, estas mencionaram a aus\u00eancia de mercados (nalguns casos) e a baixa clientela nestes estabelecimentos<\/strong>.<\/p>\n\n\n\n<p>A ronda teve in\u00edcio no munic\u00edpio do Kilamba-Kiaxi, concretamente no bairro Sim\u00e3o Kimbango, uma zona em que o jornalista, atento, fita o tapete asf\u00e1ltico ali implementado h\u00e1 sensivelmente tr\u00eas meses (e que liga aquela zona ao munic\u00edpio de Viana).<\/p>\n\n\n\n<p>A mobilidade, no entanto, \u00e9 visivelmente agitada, com os in\u00fameros estabelecimentos comerciais abertos, os ve\u00edculos e as pessoas a darem vida a todo o cen\u00e1rio, num movimento de ida e volta. Neste cen\u00e1rio, encontrava-se Ana Albano, vendedora de abacates, que aparenta 40 e tantos anos, algo que se veio a confirmar quando questionada pelo jornalista, instantes depois. Ler mais em<strong><em><a href=\"https:\/\/www.opais.ao\/sociedade\/novas-estradas-em-luanda-engolidas-pelo-comercio-nos-passeios\/\"> Opa\u00eds<\/a><\/em><\/strong><\/p>\n\n\n\n<p><\/p>\n","protected":false},"excerpt":{"rendered":"<p>A reabilita\u00e7\u00e3o de estradas em alguns pontos da cidade capital tem dado origem ao com\u00e9rcio desordenado junto destas, protagonizado por vendedoras, que fazem dos passeios pontos de venda, substituindo os mercados formais. Numa ronda efectuada por este jornal, foi poss\u00edvel constatar a situa\u00e7\u00e3o e, inquiridas as comerciantes, estas mencionaram a aus\u00eancia de mercados (nalguns casos) [&hellip;]<\/p>\n","protected":false},"author":3,"featured_media":4911,"comment_status":"open","ping_status":"open","sticky":false,"template":"","format":"standard","meta":{"footnotes":""},"categories":[16],"tags":[2073,2074],"class_list":["post-4910","post","type-post","status-publish","format-standard","has-post-thumbnail","hentry","category-actualidade","tag-comercio-em-luanda","tag-novas-estradas"],"blocksy_meta":[],"_links":{"self":[{"href":"https:\/\/www.radiomais.ao\/index.php\/wp-json\/wp\/v2\/posts\/4910","targetHints":{"allow":["GET"]}}],"collection":[{"href":"https:\/\/www.radiomais.ao\/index.php\/wp-json\/wp\/v2\/posts"}],"about":[{"href":"https:\/\/www.radiomais.ao\/index.php\/wp-json\/wp\/v2\/types\/post"}],"author":[{"embeddable":true,"href":"https:\/\/www.radiomais.ao\/index.php\/wp-json\/wp\/v2\/users\/3"}],"replies":[{"embeddable":true,"href":"https:\/\/www.radiomais.ao\/index.php\/wp-json\/wp\/v2\/comments?post=4910"}],"version-history":[{"count":1,"href":"https:\/\/www.radiomais.ao\/index.php\/wp-json\/wp\/v2\/posts\/4910\/revisions"}],"predecessor-version":[{"id":4912,"href":"https:\/\/www.radiomais.ao\/index.php\/wp-json\/wp\/v2\/posts\/4910\/revisions\/4912"}],"wp:featuredmedia":[{"embeddable":true,"href":"https:\/\/www.radiomais.ao\/index.php\/wp-json\/wp\/v2\/media\/4911"}],"wp:attachment":[{"href":"https:\/\/www.radiomais.ao\/index.php\/wp-json\/wp\/v2\/media?parent=4910"}],"wp:term":[{"taxonomy":"category","embeddable":true,"href":"https:\/\/www.radiomais.ao\/index.php\/wp-json\/wp\/v2\/categories?post=4910"},{"taxonomy":"post_tag","embeddable":true,"href":"https:\/\/www.radiomais.ao\/index.php\/wp-json\/wp\/v2\/tags?post=4910"}],"curies":[{"name":"wp","href":"https:\/\/api.w.org\/{rel}","templated":true}]}}