{"id":4913,"date":"2026-02-13T11:03:35","date_gmt":"2026-02-13T10:03:35","guid":{"rendered":"https:\/\/www.radiomais.ao\/?p=4913"},"modified":"2026-02-13T11:03:35","modified_gmt":"2026-02-13T10:03:35","slug":"grupos-carnavalescos-vao-a-competicao-apesar-dos-constrangimentos-financeiros","status":"publish","type":"post","link":"https:\/\/www.radiomais.ao\/index.php\/2026\/02\/13\/grupos-carnavalescos-vao-a-competicao-apesar-dos-constrangimentos-financeiros\/","title":{"rendered":"Grupos carnavalescos v\u00e3o \u00e0 competi\u00e7\u00e3o, apesar dos constrangimentos financeiros"},"content":{"rendered":"\n<p><strong>Est\u00e3o criadas as condi\u00e7\u00f5es para o desfile competitivo da edi\u00e7\u00e3o 2026 do Carnaval de Luanda, nas classes, A, B e C, a partir deste S\u00e1bado, 14, at\u00e9 Segunda-feira, 16, na acolhedora Avenida Doutor Ant\u00f3nio Agostinho Neto, na Nova Marginal, mas a sua execu\u00e7\u00e3o log\u00edstica enfrenta debates profundos sobre a sua ess\u00eancia cultura e atrasos constantes na ced\u00eancia de subs\u00eddios aos grupos em competi\u00e7\u00e3o<\/strong>.<\/p>\n\n\n\n<p>Apesar dos desafios financeiros enfrentados pelos grupos tradicionais, a mobiliza\u00e7\u00e3o municipal e o espir\u00edto de resist\u00eancia cultural permanecem como os pilares da maior Festa Popular de Angola. Isso porque a Associa\u00e7\u00e3o Provincial do Carnavalde Luanda (APROCAL) n\u00e3o tinha conclu\u00eddo, at\u00e9 a hora em que fech\u00e1mosestaedi\u00e7\u00e3o,adistribui\u00e7\u00e3o dos subs\u00eddios aos grupos carnavalescos.<\/p>\n\n\n\n<p>Para manterem-se nesta din\u00e2mica, os grupos foram-se virando como podiam e com o pouco que tinham, refor\u00e7ando o aparato t\u00e9cnico e log\u00edstico, enquanto aguardam pela parcela complementar, n\u00e3o obstante ao atraso. Quanto podemos saber ainda da organiza\u00e7\u00e3o, os subs\u00eddios distribu\u00eddos \u00e0s agremia\u00e7\u00f5es, apesar de irris\u00f3rios, situam-se entre os 3.000.000.00 para a Classe A, 2.500.000.00Kwanzas para a classeB, 1.000.000.00 para a classe C, Infantil. Apesar dos transtornos decorrentes do atraso na recep\u00e7\u00e3o dos valores correspondentes, o moral dos integrantes dos distintos grupos carnavalescos apurados para a presente edi\u00e7\u00e3o competitiva continua alta e, curiosamente, todos eles est\u00e3o confiantes no sucesso e n\u00e3o falam de outra coisa, sen\u00e3o dalutapelot\u00edtulo. Ler mais em <strong><em><a href=\"https:\/\/www.opais.ao\/cultura\/grupos-carnavalescos-vao-a-competicao-apesar-dos-constrangimentos-financeiros\/\">Opa\u00eds<\/a><\/em><\/strong><\/p>\n","protected":false},"excerpt":{"rendered":"<p>Est\u00e3o criadas as condi\u00e7\u00f5es para o desfile competitivo da edi\u00e7\u00e3o 2026 do Carnaval de Luanda, nas classes, A, B e C, a partir deste S\u00e1bado, 14, at\u00e9 Segunda-feira, 16, na acolhedora Avenida Doutor Ant\u00f3nio Agostinho Neto, na Nova Marginal, mas a sua execu\u00e7\u00e3o log\u00edstica enfrenta debates profundos sobre a sua ess\u00eancia cultura e atrasos constantes [&hellip;]<\/p>\n","protected":false},"author":3,"featured_media":4914,"comment_status":"open","ping_status":"open","sticky":false,"template":"","format":"standard","meta":{"footnotes":""},"categories":[16],"tags":[2075,2076],"class_list":["post-4913","post","type-post","status-publish","format-standard","has-post-thumbnail","hentry","category-actualidade","tag-carnaval-2026","tag-constrangimentos-financeiros"],"blocksy_meta":[],"_links":{"self":[{"href":"https:\/\/www.radiomais.ao\/index.php\/wp-json\/wp\/v2\/posts\/4913","targetHints":{"allow":["GET"]}}],"collection":[{"href":"https:\/\/www.radiomais.ao\/index.php\/wp-json\/wp\/v2\/posts"}],"about":[{"href":"https:\/\/www.radiomais.ao\/index.php\/wp-json\/wp\/v2\/types\/post"}],"author":[{"embeddable":true,"href":"https:\/\/www.radiomais.ao\/index.php\/wp-json\/wp\/v2\/users\/3"}],"replies":[{"embeddable":true,"href":"https:\/\/www.radiomais.ao\/index.php\/wp-json\/wp\/v2\/comments?post=4913"}],"version-history":[{"count":1,"href":"https:\/\/www.radiomais.ao\/index.php\/wp-json\/wp\/v2\/posts\/4913\/revisions"}],"predecessor-version":[{"id":4915,"href":"https:\/\/www.radiomais.ao\/index.php\/wp-json\/wp\/v2\/posts\/4913\/revisions\/4915"}],"wp:featuredmedia":[{"embeddable":true,"href":"https:\/\/www.radiomais.ao\/index.php\/wp-json\/wp\/v2\/media\/4914"}],"wp:attachment":[{"href":"https:\/\/www.radiomais.ao\/index.php\/wp-json\/wp\/v2\/media?parent=4913"}],"wp:term":[{"taxonomy":"category","embeddable":true,"href":"https:\/\/www.radiomais.ao\/index.php\/wp-json\/wp\/v2\/categories?post=4913"},{"taxonomy":"post_tag","embeddable":true,"href":"https:\/\/www.radiomais.ao\/index.php\/wp-json\/wp\/v2\/tags?post=4913"}],"curies":[{"name":"wp","href":"https:\/\/api.w.org\/{rel}","templated":true}]}}