{"id":4916,"date":"2026-02-13T11:07:43","date_gmt":"2026-02-13T10:07:43","guid":{"rendered":"https:\/\/www.radiomais.ao\/?p=4916"},"modified":"2026-02-13T11:07:43","modified_gmt":"2026-02-13T10:07:43","slug":"sic-apreende-900-quilos-de-liamba-escondidos-numa-camada-de-areia-na-catumbela","status":"publish","type":"post","link":"https:\/\/www.radiomais.ao\/index.php\/2026\/02\/13\/sic-apreende-900-quilos-de-liamba-escondidos-numa-camada-de-areia-na-catumbela\/","title":{"rendered":"SIC apreende 900 quilos de liamba escondidos numa camada de areia na Catumbela."},"content":{"rendered":"\n<p>Uma opera\u00e7\u00e3o do Servi\u00e7o de Investiga\u00e7\u00e3o Criminal (SIC) resultou, nesta quinta-feira, na apreens\u00e3o de 900 quilogramas de liamba no munic\u00edpio da Catumbela, prov\u00edncia de Benguela.<\/p>\n\n\n\n<p>A droga estava enterrada sob uma camada de areia no quintal de uma resid\u00eancia localizada no bairro Vimbalambi, numa tentativa de oculta\u00e7\u00e3o que, segundo as autoridades, demonstra o n\u00edvel de organiza\u00e7\u00e3o do grupo envolvido.<\/p>\n\n\n\n<p>Durante a a\u00e7\u00e3o policial, tr\u00eas homens, com idades entre 34 e 48 anos, foram detidos por suspeita de tr\u00e1fico de estupefacientes.<\/p>\n\n\n\n<p>De acordo com o SIC, os indiv\u00edduos s\u00e3o apontados como respons\u00e1veis pelo armazenamento e eventual distribui\u00e7\u00e3o da subst\u00e2ncia na regi\u00e3o.<\/p>\n\n\n\n<p>A apreens\u00e3o ocorreu no \u00e2mbito de uma ofensiva intensificada contra o narcotr\u00e1fico na prov\u00edncia. As investiga\u00e7\u00f5es continuam para identificar poss\u00edveis ramifica\u00e7\u00f5es da rede criminosa, bem como outros locais utilizados para a guarda e comercializa\u00e7\u00e3o da droga.<\/p>\n\n\n\n<p>Os detidos dever\u00e3o ser apresentados ao Minist\u00e9rio P\u00fablico nos pr\u00f3ximos dias para os procedimentos legais cab\u00edveis, enquanto o produto apreendido seguir\u00e1 os tr\u00e2mites previstos na lei.<\/p>\n","protected":false},"excerpt":{"rendered":"<p>Uma opera\u00e7\u00e3o do Servi\u00e7o de Investiga\u00e7\u00e3o Criminal (SIC) resultou, nesta quinta-feira, na apreens\u00e3o de 900 quilogramas de liamba no munic\u00edpio da Catumbela, prov\u00edncia de Benguela. A droga estava enterrada sob uma camada de areia no quintal de uma resid\u00eancia localizada no bairro Vimbalambi, numa tentativa de oculta\u00e7\u00e3o que, segundo as autoridades, demonstra o n\u00edvel de [&hellip;]<\/p>\n","protected":false},"author":3,"featured_media":4917,"comment_status":"open","ping_status":"open","sticky":false,"template":"","format":"standard","meta":{"footnotes":""},"categories":[16],"tags":[2077],"class_list":["post-4916","post","type-post","status-publish","format-standard","has-post-thumbnail","hentry","category-actualidade","tag-sic-apreende-900-quilos-de-liamba-escondidos-numa-camada-de-areia-na-catumbela"],"blocksy_meta":[],"_links":{"self":[{"href":"https:\/\/www.radiomais.ao\/index.php\/wp-json\/wp\/v2\/posts\/4916","targetHints":{"allow":["GET"]}}],"collection":[{"href":"https:\/\/www.radiomais.ao\/index.php\/wp-json\/wp\/v2\/posts"}],"about":[{"href":"https:\/\/www.radiomais.ao\/index.php\/wp-json\/wp\/v2\/types\/post"}],"author":[{"embeddable":true,"href":"https:\/\/www.radiomais.ao\/index.php\/wp-json\/wp\/v2\/users\/3"}],"replies":[{"embeddable":true,"href":"https:\/\/www.radiomais.ao\/index.php\/wp-json\/wp\/v2\/comments?post=4916"}],"version-history":[{"count":1,"href":"https:\/\/www.radiomais.ao\/index.php\/wp-json\/wp\/v2\/posts\/4916\/revisions"}],"predecessor-version":[{"id":4918,"href":"https:\/\/www.radiomais.ao\/index.php\/wp-json\/wp\/v2\/posts\/4916\/revisions\/4918"}],"wp:featuredmedia":[{"embeddable":true,"href":"https:\/\/www.radiomais.ao\/index.php\/wp-json\/wp\/v2\/media\/4917"}],"wp:attachment":[{"href":"https:\/\/www.radiomais.ao\/index.php\/wp-json\/wp\/v2\/media?parent=4916"}],"wp:term":[{"taxonomy":"category","embeddable":true,"href":"https:\/\/www.radiomais.ao\/index.php\/wp-json\/wp\/v2\/categories?post=4916"},{"taxonomy":"post_tag","embeddable":true,"href":"https:\/\/www.radiomais.ao\/index.php\/wp-json\/wp\/v2\/tags?post=4916"}],"curies":[{"name":"wp","href":"https:\/\/api.w.org\/{rel}","templated":true}]}}