{"id":4919,"date":"2026-02-13T11:12:48","date_gmt":"2026-02-13T10:12:48","guid":{"rendered":"https:\/\/www.radiomais.ao\/?p=4919"},"modified":"2026-02-13T11:12:48","modified_gmt":"2026-02-13T10:12:48","slug":"ine-divulga-dados-do-inquerito-sobre-o-emprego-no-dia-18-deste-mes","status":"publish","type":"post","link":"https:\/\/www.radiomais.ao\/index.php\/2026\/02\/13\/ine-divulga-dados-do-inquerito-sobre-o-emprego-no-dia-18-deste-mes\/","title":{"rendered":"INE divulga dados do Inqu\u00e9rito sobre o Emprego no dia 18 deste m\u00eas."},"content":{"rendered":"\n<p>O Instituto Nacional de Estat\u00edstica (INE) anunciou que os resultados do Inqu\u00e9rito sobre Emprego em Angola (IEA), referentes ao quarto trimestre de 2025, ser\u00e3o divulgados no pr\u00f3ximo dia 18 de fevereiro, em acto p\u00fablico a realizar-se no Audit\u00f3rio da institui\u00e7\u00e3o, em Luanda<\/p>\n\n\n\n<p>De acordo com o comunicado enviado ao Jornal OPA\u00cdS, a publica\u00e7\u00e3o estava inicialmente prevista para o dia 15 do corrente m\u00eas, conforme o calend\u00e1rio oficial. No entanto, por coincidir com um domingo, os dados deveriam ser tornados p\u00fablicos no dia \u00fatil imediatamente anterior. Ainda assim, devido \u00e0 revis\u00e3o metodol\u00f3gica a que as estat\u00edsticas de emprego foram submetidas, o INE decidiu reagendar a divulga\u00e7\u00e3o para uma sess\u00e3o p\u00fablica espec\u00edfica.<\/p>\n\n\n\n<p>Na mesma ocasi\u00e3o, ser\u00e1 igualmente apresentado o Relat\u00f3rio sobre a Inseguran\u00e7a Alimentar em Angola, referente ao per\u00edodo de 2020 a 2023. Ler mais em <strong><em><a href=\"https:\/\/www.opais.ao\/sociedade\/ine-divulga-dados-do-inquerito-sobre-o-emprego-no-dia-18-deste-mes\/\">Opa\u00eds<\/a><\/em><\/strong><\/p>\n\n\n\n<p><\/p>\n","protected":false},"excerpt":{"rendered":"<p>O Instituto Nacional de Estat\u00edstica (INE) anunciou que os resultados do Inqu\u00e9rito sobre Emprego em Angola (IEA), referentes ao quarto trimestre de 2025, ser\u00e3o divulgados no pr\u00f3ximo dia 18 de fevereiro, em acto p\u00fablico a realizar-se no Audit\u00f3rio da institui\u00e7\u00e3o, em Luanda De acordo com o comunicado enviado ao Jornal OPA\u00cdS, a publica\u00e7\u00e3o estava inicialmente [&hellip;]<\/p>\n","protected":false},"author":3,"featured_media":4920,"comment_status":"open","ping_status":"open","sticky":false,"template":"","format":"standard","meta":{"footnotes":""},"categories":[16],"tags":[2078],"class_list":["post-4919","post","type-post","status-publish","format-standard","has-post-thumbnail","hentry","category-actualidade","tag-ine-divulga-dados-do-inquerito-sobre-o-emprego-no-dia-18-deste-mes"],"blocksy_meta":[],"_links":{"self":[{"href":"https:\/\/www.radiomais.ao\/index.php\/wp-json\/wp\/v2\/posts\/4919","targetHints":{"allow":["GET"]}}],"collection":[{"href":"https:\/\/www.radiomais.ao\/index.php\/wp-json\/wp\/v2\/posts"}],"about":[{"href":"https:\/\/www.radiomais.ao\/index.php\/wp-json\/wp\/v2\/types\/post"}],"author":[{"embeddable":true,"href":"https:\/\/www.radiomais.ao\/index.php\/wp-json\/wp\/v2\/users\/3"}],"replies":[{"embeddable":true,"href":"https:\/\/www.radiomais.ao\/index.php\/wp-json\/wp\/v2\/comments?post=4919"}],"version-history":[{"count":1,"href":"https:\/\/www.radiomais.ao\/index.php\/wp-json\/wp\/v2\/posts\/4919\/revisions"}],"predecessor-version":[{"id":4921,"href":"https:\/\/www.radiomais.ao\/index.php\/wp-json\/wp\/v2\/posts\/4919\/revisions\/4921"}],"wp:featuredmedia":[{"embeddable":true,"href":"https:\/\/www.radiomais.ao\/index.php\/wp-json\/wp\/v2\/media\/4920"}],"wp:attachment":[{"href":"https:\/\/www.radiomais.ao\/index.php\/wp-json\/wp\/v2\/media?parent=4919"}],"wp:term":[{"taxonomy":"category","embeddable":true,"href":"https:\/\/www.radiomais.ao\/index.php\/wp-json\/wp\/v2\/categories?post=4919"},{"taxonomy":"post_tag","embeddable":true,"href":"https:\/\/www.radiomais.ao\/index.php\/wp-json\/wp\/v2\/tags?post=4919"}],"curies":[{"name":"wp","href":"https:\/\/api.w.org\/{rel}","templated":true}]}}