{"id":493,"date":"2025-06-24T10:42:24","date_gmt":"2025-06-24T09:42:24","guid":{"rendered":"https:\/\/www.radiomais.ao\/?p=493"},"modified":"2025-06-24T10:42:24","modified_gmt":"2025-06-24T09:42:24","slug":"presidente-da-confederacao-africana-de-andebol-almeja-podio-mundial-para-angola","status":"publish","type":"post","link":"https:\/\/www.radiomais.ao\/index.php\/2025\/06\/24\/presidente-da-confederacao-africana-de-andebol-almeja-podio-mundial-para-angola\/","title":{"rendered":"Presidente da Confedera\u00e7\u00e3o Africana de Andebol almeja p\u00f3dio mundial para Angola."},"content":{"rendered":"\n<p>p\u00f3s ter visitado as instala\u00e7\u00f5es da central das For\u00e7as Armadas Angolanas, o presidente da Confedera\u00e7\u00e3o Africana de Andebol (CAHB), Aremou Manserou, foi recebido ontem, segunda-feira, em audi\u00eancia, pela Secret\u00e1ria de Estado da Juventude, Danila Bragan\u00e7a. Fonte <strong><em><a href=\"https:\/\/www.opais.ao\/desporto\/presidente-da-confederacao-africana-de-andebol-almeja-podio-mundial-para-angola\/\">Opa\u00eds<\/a><\/em><\/strong><\/p>\n\n\n\n<p><\/p>\n","protected":false},"excerpt":{"rendered":"<p>p\u00f3s ter visitado as instala\u00e7\u00f5es da central das For\u00e7as Armadas Angolanas, o presidente da Confedera\u00e7\u00e3o Africana de Andebol (CAHB), Aremou Manserou, foi recebido ontem, segunda-feira, em audi\u00eancia, pela Secret\u00e1ria de Estado da Juventude, Danila Bragan\u00e7a. Fonte Opa\u00eds<\/p>\n","protected":false},"author":3,"featured_media":494,"comment_status":"open","ping_status":"open","sticky":false,"template":"","format":"standard","meta":{"footnotes":""},"categories":[16],"tags":[24],"class_list":["post-493","post","type-post","status-publish","format-standard","has-post-thumbnail","hentry","category-actualidade","tag-presidente-da-confederacao-africana-de-andebol-almeja-podio-mundial-para-angola"],"blocksy_meta":[],"_links":{"self":[{"href":"https:\/\/www.radiomais.ao\/index.php\/wp-json\/wp\/v2\/posts\/493","targetHints":{"allow":["GET"]}}],"collection":[{"href":"https:\/\/www.radiomais.ao\/index.php\/wp-json\/wp\/v2\/posts"}],"about":[{"href":"https:\/\/www.radiomais.ao\/index.php\/wp-json\/wp\/v2\/types\/post"}],"author":[{"embeddable":true,"href":"https:\/\/www.radiomais.ao\/index.php\/wp-json\/wp\/v2\/users\/3"}],"replies":[{"embeddable":true,"href":"https:\/\/www.radiomais.ao\/index.php\/wp-json\/wp\/v2\/comments?post=493"}],"version-history":[{"count":1,"href":"https:\/\/www.radiomais.ao\/index.php\/wp-json\/wp\/v2\/posts\/493\/revisions"}],"predecessor-version":[{"id":495,"href":"https:\/\/www.radiomais.ao\/index.php\/wp-json\/wp\/v2\/posts\/493\/revisions\/495"}],"wp:featuredmedia":[{"embeddable":true,"href":"https:\/\/www.radiomais.ao\/index.php\/wp-json\/wp\/v2\/media\/494"}],"wp:attachment":[{"href":"https:\/\/www.radiomais.ao\/index.php\/wp-json\/wp\/v2\/media?parent=493"}],"wp:term":[{"taxonomy":"category","embeddable":true,"href":"https:\/\/www.radiomais.ao\/index.php\/wp-json\/wp\/v2\/categories?post=493"},{"taxonomy":"post_tag","embeddable":true,"href":"https:\/\/www.radiomais.ao\/index.php\/wp-json\/wp\/v2\/tags?post=493"}],"curies":[{"name":"wp","href":"https:\/\/api.w.org\/{rel}","templated":true}]}}