{"id":4944,"date":"2026-02-18T09:29:22","date_gmt":"2026-02-18T08:29:22","guid":{"rendered":"https:\/\/www.radiomais.ao\/?p=4944"},"modified":"2026-02-18T09:29:22","modified_gmt":"2026-02-18T08:29:22","slug":"angola-recebe-primeira-exportacao-de-cobalto-do-congo-democratico","status":"publish","type":"post","link":"https:\/\/www.radiomais.ao\/index.php\/2026\/02\/18\/angola-recebe-primeira-exportacao-de-cobalto-do-congo-democratico\/","title":{"rendered":"Angola recebe primeira exporta\u00e7\u00e3o de cobalto do Congo Democr\u00e1tico."},"content":{"rendered":"\n<p><strong>A Rep\u00fablica Democr\u00e1tica do Congo (RDC) realizou, recentemente, a primeira exporta\u00e7\u00e3o de cobre e cobalto atrav\u00e9s do Corredor do Lobito, numa opera\u00e7\u00e3o que marca a entrada em funcionamento efetivo de uma rota alternativa \u00e0s tradicionais vias de escoamento de minerais<\/strong>.<\/p>\n\n\n\n<p>A carga, adquirida pela empresa estatal congolesa Entreprise G\u00e9n\u00e9rale du Cobalt (EGC) a produtores artesanais e comercializada pela multinacional Trafigura, seguiu pela Lobito Atlantic Railway (LAR) at\u00e9 ao porto de \u00e1guas profundas do Lobito, de onde ser\u00e1 enviada para clientes nos Estados Unidos.<\/p>\n\n\n\n<p>Segundo a LAR, o trajecto de aproximadamente 1.750 quil\u00f3metros entre Kolwezi e o porto do Lobito representa \u201ca rota ferrovi\u00e1ria mais curta entre a regi\u00e3o e um porto africano\u201d, permitindo reduzir o tempo de transporte em cerca de sete dias face \u00e0s alternativas existentes, que tradicionalmente passam por portos da \u00c1frica Austral ou da costa oriental do continente.<\/p>\n\n\n\n<p>O Corredor do Lobito tornou-se pe\u00e7a central na competi\u00e7\u00e3o geo- pol\u00edtica pelo acesso a cobre, cobalto e l\u00edtio africanos, minerais indis- pens\u00e1veis para baterias el\u00e9ctricas, pain\u00e9is solares e electr\u00f3nica. A RDC det\u00e9m cerca de 70% das reservas mundiais de cobalto. O Corredor do Lobito refor\u00e7a o pa\u00eds como porta log\u00edstica estrat\u00e9gica para exporta\u00e7\u00e3o e integra\u00e7\u00e3o econ\u00f3mica regional, segundo um comunicado da C\u00e2mara de Com\u00e9rcio e Ind\u00fastria Portugal-Angola.<\/p>\n","protected":false},"excerpt":{"rendered":"<p>A Rep\u00fablica Democr\u00e1tica do Congo (RDC) realizou, recentemente, a primeira exporta\u00e7\u00e3o de cobre e cobalto atrav\u00e9s do Corredor do Lobito, numa opera\u00e7\u00e3o que marca a entrada em funcionamento efetivo de uma rota alternativa \u00e0s tradicionais vias de escoamento de minerais. A carga, adquirida pela empresa estatal congolesa Entreprise G\u00e9n\u00e9rale du Cobalt (EGC) a produtores artesanais [&hellip;]<\/p>\n","protected":false},"author":3,"featured_media":4945,"comment_status":"open","ping_status":"open","sticky":false,"template":"","format":"standard","meta":{"footnotes":""},"categories":[16],"tags":[2089],"class_list":["post-4944","post","type-post","status-publish","format-standard","has-post-thumbnail","hentry","category-actualidade","tag-angola-recebe-primeira-exportacao-de-cobalto-do-congo-democratico"],"blocksy_meta":[],"_links":{"self":[{"href":"https:\/\/www.radiomais.ao\/index.php\/wp-json\/wp\/v2\/posts\/4944","targetHints":{"allow":["GET"]}}],"collection":[{"href":"https:\/\/www.radiomais.ao\/index.php\/wp-json\/wp\/v2\/posts"}],"about":[{"href":"https:\/\/www.radiomais.ao\/index.php\/wp-json\/wp\/v2\/types\/post"}],"author":[{"embeddable":true,"href":"https:\/\/www.radiomais.ao\/index.php\/wp-json\/wp\/v2\/users\/3"}],"replies":[{"embeddable":true,"href":"https:\/\/www.radiomais.ao\/index.php\/wp-json\/wp\/v2\/comments?post=4944"}],"version-history":[{"count":1,"href":"https:\/\/www.radiomais.ao\/index.php\/wp-json\/wp\/v2\/posts\/4944\/revisions"}],"predecessor-version":[{"id":4946,"href":"https:\/\/www.radiomais.ao\/index.php\/wp-json\/wp\/v2\/posts\/4944\/revisions\/4946"}],"wp:featuredmedia":[{"embeddable":true,"href":"https:\/\/www.radiomais.ao\/index.php\/wp-json\/wp\/v2\/media\/4945"}],"wp:attachment":[{"href":"https:\/\/www.radiomais.ao\/index.php\/wp-json\/wp\/v2\/media?parent=4944"}],"wp:term":[{"taxonomy":"category","embeddable":true,"href":"https:\/\/www.radiomais.ao\/index.php\/wp-json\/wp\/v2\/categories?post=4944"},{"taxonomy":"post_tag","embeddable":true,"href":"https:\/\/www.radiomais.ao\/index.php\/wp-json\/wp\/v2\/tags?post=4944"}],"curies":[{"name":"wp","href":"https:\/\/api.w.org\/{rel}","templated":true}]}}