{"id":4947,"date":"2026-02-18T10:02:44","date_gmt":"2026-02-18T09:02:44","guid":{"rendered":"https:\/\/www.radiomais.ao\/?p=4947"},"modified":"2026-02-18T10:02:44","modified_gmt":"2026-02-18T09:02:44","slug":"tribunal-de-contas-reforca-mecanismos-de-transparencia-processual-e-de-controlo-interno","status":"publish","type":"post","link":"https:\/\/www.radiomais.ao\/index.php\/2026\/02\/18\/tribunal-de-contas-reforca-mecanismos-de-transparencia-processual-e-de-controlo-interno\/","title":{"rendered":"Tribunal de Contas refor\u00e7a mecanismos de transpar\u00eancia processual e de controlo interno."},"content":{"rendered":"\n<p><strong>Promover maior efici\u00eancia operacional, transpar\u00eancia processual e refor\u00e7o do controlo interno \u00e9 o prop\u00f3sito que se pretende alcan\u00e7ar com a implementa\u00e7\u00e3o, nos pr\u00f3ximos tempos, do Sistema de Gest\u00e3o Integrado do Tribunal de Contas (SGITC), segundo informa\u00e7\u00f5es \u00e0s quais o jornal OPA\u00cdS teve acesso<\/strong><\/p>\n\n\n\n<p>Dados do Tribunal de Contas (TC) indicam que a digitaliza\u00e7\u00e3o e integra\u00e7\u00e3o dos fluxos permitir\u00e3o optimizar a tramita\u00e7\u00e3o dos processos de auditoria, fortalecer o acompanhamento em tempo real e elevar a qualidade da an\u00e1lise t\u00e9cnica, o que vai contribuir para uma atua\u00e7\u00e3o mais c\u00e9lere, rigorosa e alinhada com as exig\u00eancias. Ler mais em <a href=\"https:\/\/www.opais.ao\/politica\/tribunal-de-contas-reforca-mecanismos-de-transparencia-processual-e-de-controlo-interno\/\"><em><strong>Opa\u00eds<\/strong><\/em><\/a><\/p>\n\n\n\n<p><\/p>\n","protected":false},"excerpt":{"rendered":"<p>Promover maior efici\u00eancia operacional, transpar\u00eancia processual e refor\u00e7o do controlo interno \u00e9 o prop\u00f3sito que se pretende alcan\u00e7ar com a implementa\u00e7\u00e3o, nos pr\u00f3ximos tempos, do Sistema de Gest\u00e3o Integrado do Tribunal de Contas (SGITC), segundo informa\u00e7\u00f5es \u00e0s quais o jornal OPA\u00cdS teve acesso Dados do Tribunal de Contas (TC) indicam que a digitaliza\u00e7\u00e3o e integra\u00e7\u00e3o [&hellip;]<\/p>\n","protected":false},"author":3,"featured_media":4948,"comment_status":"open","ping_status":"open","sticky":false,"template":"","format":"standard","meta":{"footnotes":""},"categories":[16],"tags":[2090],"class_list":["post-4947","post","type-post","status-publish","format-standard","has-post-thumbnail","hentry","category-actualidade","tag-tribunal-de-contas-reforca-mecanismos-de-transparencia-processual-e-de-controlo-interno"],"blocksy_meta":[],"_links":{"self":[{"href":"https:\/\/www.radiomais.ao\/index.php\/wp-json\/wp\/v2\/posts\/4947","targetHints":{"allow":["GET"]}}],"collection":[{"href":"https:\/\/www.radiomais.ao\/index.php\/wp-json\/wp\/v2\/posts"}],"about":[{"href":"https:\/\/www.radiomais.ao\/index.php\/wp-json\/wp\/v2\/types\/post"}],"author":[{"embeddable":true,"href":"https:\/\/www.radiomais.ao\/index.php\/wp-json\/wp\/v2\/users\/3"}],"replies":[{"embeddable":true,"href":"https:\/\/www.radiomais.ao\/index.php\/wp-json\/wp\/v2\/comments?post=4947"}],"version-history":[{"count":1,"href":"https:\/\/www.radiomais.ao\/index.php\/wp-json\/wp\/v2\/posts\/4947\/revisions"}],"predecessor-version":[{"id":4949,"href":"https:\/\/www.radiomais.ao\/index.php\/wp-json\/wp\/v2\/posts\/4947\/revisions\/4949"}],"wp:featuredmedia":[{"embeddable":true,"href":"https:\/\/www.radiomais.ao\/index.php\/wp-json\/wp\/v2\/media\/4948"}],"wp:attachment":[{"href":"https:\/\/www.radiomais.ao\/index.php\/wp-json\/wp\/v2\/media?parent=4947"}],"wp:term":[{"taxonomy":"category","embeddable":true,"href":"https:\/\/www.radiomais.ao\/index.php\/wp-json\/wp\/v2\/categories?post=4947"},{"taxonomy":"post_tag","embeddable":true,"href":"https:\/\/www.radiomais.ao\/index.php\/wp-json\/wp\/v2\/tags?post=4947"}],"curies":[{"name":"wp","href":"https:\/\/api.w.org\/{rel}","templated":true}]}}