{"id":4950,"date":"2026-02-18T10:28:55","date_gmt":"2026-02-18T09:28:55","guid":{"rendered":"https:\/\/www.radiomais.ao\/?p=4950"},"modified":"2026-02-18T10:28:55","modified_gmt":"2026-02-18T09:28:55","slug":"candidata-a-lideranca-da-oma-intensifica-mobilizacao-na-regiao-sul","status":"publish","type":"post","link":"https:\/\/www.radiomais.ao\/index.php\/2026\/02\/18\/candidata-a-lideranca-da-oma-intensifica-mobilizacao-na-regiao-sul\/","title":{"rendered":"Candidata \u00e0 lideran\u00e7a da OMA intensifica mobiliza\u00e7\u00e3o na regi\u00e3o sul."},"content":{"rendered":"\n<p><strong>A candidata \u00fanica ao cargo de secret\u00e1ria-geral da Organiza\u00e7\u00e3o da Mulher Angolana (OMA), Em\u00edlia Carlota Dias, est\u00e1 a desdobrar-se pela regi\u00e3o sul do pa\u00eds em contactos directos com as militantes, no \u00e2mbito da prepara\u00e7\u00e3o do VIII Congresso Ordin\u00e1rio da organiza\u00e7\u00e3o, agendado para 27 de Fevereiro a 1 de Mar\u00e7o, em Luanda. A deputada do MPLA defende que os desafios de mobiliza\u00e7\u00e3o das mulheres devem traduzir-se em conquistas pol\u00edticas e eleitorais, com vista \u00e0s elei\u00e7\u00f5es gerais de 2027<\/strong>.<\/p>\n\n\n\n<p>Depois de passar pelas prov\u00edncias do Huambo, Bi\u00e9 e Benguela, a candidata tem apresentado \u00e0s estruturas de base as linhas de for\u00e7a da sua candidatura, assentes na proximidade com as militantes, no refor\u00e7o da uni\u00e3o interna e na transforma\u00e7\u00e3o das preocupa\u00e7\u00f5es sociais em agenda pol\u00edtica consistente. Ler mais em <strong><em><a href=\"https:\/\/www.opais.ao\/politica\/candidata-a-lideranca-da-oma-intensifica-mobilizacao-na-regiao-sul\/\">Opa\u00eds.<\/a><\/em><\/strong><\/p>\n","protected":false},"excerpt":{"rendered":"<p>A candidata \u00fanica ao cargo de secret\u00e1ria-geral da Organiza\u00e7\u00e3o da Mulher Angolana (OMA), Em\u00edlia Carlota Dias, est\u00e1 a desdobrar-se pela regi\u00e3o sul do pa\u00eds em contactos directos com as militantes, no \u00e2mbito da prepara\u00e7\u00e3o do VIII Congresso Ordin\u00e1rio da organiza\u00e7\u00e3o, agendado para 27 de Fevereiro a 1 de Mar\u00e7o, em Luanda. A deputada do MPLA [&hellip;]<\/p>\n","protected":false},"author":3,"featured_media":4951,"comment_status":"open","ping_status":"open","sticky":false,"template":"","format":"standard","meta":{"footnotes":""},"categories":[16],"tags":[2091,2092,830],"class_list":["post-4950","post","type-post","status-publish","format-standard","has-post-thumbnail","hentry","category-actualidade","tag-candidata","tag-mobilizacao-na-regiao-sul","tag-oma"],"blocksy_meta":[],"_links":{"self":[{"href":"https:\/\/www.radiomais.ao\/index.php\/wp-json\/wp\/v2\/posts\/4950","targetHints":{"allow":["GET"]}}],"collection":[{"href":"https:\/\/www.radiomais.ao\/index.php\/wp-json\/wp\/v2\/posts"}],"about":[{"href":"https:\/\/www.radiomais.ao\/index.php\/wp-json\/wp\/v2\/types\/post"}],"author":[{"embeddable":true,"href":"https:\/\/www.radiomais.ao\/index.php\/wp-json\/wp\/v2\/users\/3"}],"replies":[{"embeddable":true,"href":"https:\/\/www.radiomais.ao\/index.php\/wp-json\/wp\/v2\/comments?post=4950"}],"version-history":[{"count":1,"href":"https:\/\/www.radiomais.ao\/index.php\/wp-json\/wp\/v2\/posts\/4950\/revisions"}],"predecessor-version":[{"id":4952,"href":"https:\/\/www.radiomais.ao\/index.php\/wp-json\/wp\/v2\/posts\/4950\/revisions\/4952"}],"wp:featuredmedia":[{"embeddable":true,"href":"https:\/\/www.radiomais.ao\/index.php\/wp-json\/wp\/v2\/media\/4951"}],"wp:attachment":[{"href":"https:\/\/www.radiomais.ao\/index.php\/wp-json\/wp\/v2\/media?parent=4950"}],"wp:term":[{"taxonomy":"category","embeddable":true,"href":"https:\/\/www.radiomais.ao\/index.php\/wp-json\/wp\/v2\/categories?post=4950"},{"taxonomy":"post_tag","embeddable":true,"href":"https:\/\/www.radiomais.ao\/index.php\/wp-json\/wp\/v2\/tags?post=4950"}],"curies":[{"name":"wp","href":"https:\/\/api.w.org\/{rel}","templated":true}]}}