{"id":4953,"date":"2026-02-18T10:36:09","date_gmt":"2026-02-18T09:36:09","guid":{"rendered":"https:\/\/www.radiomais.ao\/?p=4953"},"modified":"2026-02-18T10:36:09","modified_gmt":"2026-02-18T09:36:09","slug":"proposta-angolana-para-o-cessar-fogo-na-rdc-pode-entrar-hoje-em-vigor","status":"publish","type":"post","link":"https:\/\/www.radiomais.ao\/index.php\/2026\/02\/18\/proposta-angolana-para-o-cessar-fogo-na-rdc-pode-entrar-hoje-em-vigor\/","title":{"rendered":"Proposta angolana para o cessar-fogo na RDC pode entrar hoje em vigor."},"content":{"rendered":"\n<p><strong>A proposta angolana que apela \u00e0 declara\u00e7\u00e3o de um cessar-fogo entre as partes em conflito na Rep\u00fablica Democr\u00e1tica do Congo deve entrar em vigor a partir desta Quarta-fe ra, 18, ap\u00f3s o entendimento pol\u00edtico alcan\u00e7ado em Luanda entre chefes de Estado e facilitadores do processo de paz, no quadro dos esfor\u00e7os da Uni\u00e3o Africana para a estabiliza\u00e7\u00e3o do Leste congol\u00eas<\/strong><\/p>\n\n\n\n<p>A decis\u00e3o resulta de uma reuni\u00e3o que juntou, no passado dia 9 do m\u00eas em curso, o Presidente da Rep\u00fablica, Jo\u00e3o Louren\u00e7o, o seu hom\u00f3logo congol\u00eas, F\u00e9lix Antoine Tshisekedi Tshilombo, o mediador da Uni\u00e3o Africana, Faure Gnassingb\u00e9, e Olusengun Obasanjo, antigo Presidente da Nig\u00e9ria, em representa\u00e7\u00e3o do grupo de facilitadores designados pela organiza\u00e7\u00e3o continental.<\/p>\n\n\n\n<p>O comunicado final apela \u00e0s partes beligerantes a declararem o cessar-fogo e acelerarem a implementa\u00e7\u00e3o dos mecanismos de verifica\u00e7\u00e3o acordados em Doha, no Qatar, a 14 de Outubro de 2025, um mecanismo essencial com vista a garantir a confian\u00e7a m\u00fatua e evitar poss\u00edveis viola\u00e7\u00f5es no terreno. Ler mais em <strong><em><a href=\"https:\/\/www.opais.ao\/politica\/proposta-angolana-para-o-cessar-fogo-na-rdc-pode-entrar-hoje-em-vigor\/\">Opa\u00eds.<\/a><\/em><\/strong><\/p>\n","protected":false},"excerpt":{"rendered":"<p>A proposta angolana que apela \u00e0 declara\u00e7\u00e3o de um cessar-fogo entre as partes em conflito na Rep\u00fablica Democr\u00e1tica do Congo deve entrar em vigor a partir desta Quarta-fe ra, 18, ap\u00f3s o entendimento pol\u00edtico alcan\u00e7ado em Luanda entre chefes de Estado e facilitadores do processo de paz, no quadro dos esfor\u00e7os da Uni\u00e3o Africana para [&hellip;]<\/p>\n","protected":false},"author":3,"featured_media":4954,"comment_status":"open","ping_status":"open","sticky":false,"template":"","format":"standard","meta":{"footnotes":""},"categories":[16],"tags":[2093],"class_list":["post-4953","post","type-post","status-publish","format-standard","has-post-thumbnail","hentry","category-actualidade","tag-proposta-angolana"],"blocksy_meta":[],"_links":{"self":[{"href":"https:\/\/www.radiomais.ao\/index.php\/wp-json\/wp\/v2\/posts\/4953","targetHints":{"allow":["GET"]}}],"collection":[{"href":"https:\/\/www.radiomais.ao\/index.php\/wp-json\/wp\/v2\/posts"}],"about":[{"href":"https:\/\/www.radiomais.ao\/index.php\/wp-json\/wp\/v2\/types\/post"}],"author":[{"embeddable":true,"href":"https:\/\/www.radiomais.ao\/index.php\/wp-json\/wp\/v2\/users\/3"}],"replies":[{"embeddable":true,"href":"https:\/\/www.radiomais.ao\/index.php\/wp-json\/wp\/v2\/comments?post=4953"}],"version-history":[{"count":1,"href":"https:\/\/www.radiomais.ao\/index.php\/wp-json\/wp\/v2\/posts\/4953\/revisions"}],"predecessor-version":[{"id":4955,"href":"https:\/\/www.radiomais.ao\/index.php\/wp-json\/wp\/v2\/posts\/4953\/revisions\/4955"}],"wp:featuredmedia":[{"embeddable":true,"href":"https:\/\/www.radiomais.ao\/index.php\/wp-json\/wp\/v2\/media\/4954"}],"wp:attachment":[{"href":"https:\/\/www.radiomais.ao\/index.php\/wp-json\/wp\/v2\/media?parent=4953"}],"wp:term":[{"taxonomy":"category","embeddable":true,"href":"https:\/\/www.radiomais.ao\/index.php\/wp-json\/wp\/v2\/categories?post=4953"},{"taxonomy":"post_tag","embeddable":true,"href":"https:\/\/www.radiomais.ao\/index.php\/wp-json\/wp\/v2\/tags?post=4953"}],"curies":[{"name":"wp","href":"https:\/\/api.w.org\/{rel}","templated":true}]}}