{"id":496,"date":"2025-06-24T10:47:30","date_gmt":"2025-06-24T09:47:30","guid":{"rendered":"https:\/\/www.radiomais.ao\/?p=496"},"modified":"2025-06-24T10:47:30","modified_gmt":"2025-06-24T09:47:30","slug":"alianca-francesa-celebra-festa-da-musica-com-artistas-angolanos","status":"publish","type":"post","link":"https:\/\/www.radiomais.ao\/index.php\/2025\/06\/24\/alianca-francesa-celebra-festa-da-musica-com-artistas-angolanos\/","title":{"rendered":"Alian\u00e7a Francesa celebra \u201cFesta da M\u00fasica\u201d com artistas angolanos."},"content":{"rendered":"\n<p>O evento, realizado no passado s\u00e1bado, 21, proporcionou mais de duas horas de celebra\u00e7\u00e3o, m\u00fasica e reencontro com mem\u00f3rias e culturas, no emblem\u00e1tico Pal\u00e1cio de Ferro, em Luanda. Fonte <strong><em><a href=\"https:\/\/www.opais.ao\/cultura\/alianca-francesa-celebra-festa-da-musica-com-artistas-angolanos\/\">Opa\u00eds<\/a><\/em><\/strong><\/p>\n\n\n\n<p><\/p>\n","protected":false},"excerpt":{"rendered":"<p>O evento, realizado no passado s\u00e1bado, 21, proporcionou mais de duas horas de celebra\u00e7\u00e3o, m\u00fasica e reencontro com mem\u00f3rias e culturas, no emblem\u00e1tico Pal\u00e1cio de Ferro, em Luanda. Fonte Opa\u00eds<\/p>\n","protected":false},"author":3,"featured_media":497,"comment_status":"open","ping_status":"open","sticky":false,"template":"","format":"standard","meta":{"footnotes":""},"categories":[16],"tags":[25],"class_list":["post-496","post","type-post","status-publish","format-standard","has-post-thumbnail","hentry","category-actualidade","tag-alianca-francesa-celebra-festa-da-musica-com-artistas-angolanos"],"blocksy_meta":[],"_links":{"self":[{"href":"https:\/\/www.radiomais.ao\/index.php\/wp-json\/wp\/v2\/posts\/496","targetHints":{"allow":["GET"]}}],"collection":[{"href":"https:\/\/www.radiomais.ao\/index.php\/wp-json\/wp\/v2\/posts"}],"about":[{"href":"https:\/\/www.radiomais.ao\/index.php\/wp-json\/wp\/v2\/types\/post"}],"author":[{"embeddable":true,"href":"https:\/\/www.radiomais.ao\/index.php\/wp-json\/wp\/v2\/users\/3"}],"replies":[{"embeddable":true,"href":"https:\/\/www.radiomais.ao\/index.php\/wp-json\/wp\/v2\/comments?post=496"}],"version-history":[{"count":1,"href":"https:\/\/www.radiomais.ao\/index.php\/wp-json\/wp\/v2\/posts\/496\/revisions"}],"predecessor-version":[{"id":498,"href":"https:\/\/www.radiomais.ao\/index.php\/wp-json\/wp\/v2\/posts\/496\/revisions\/498"}],"wp:featuredmedia":[{"embeddable":true,"href":"https:\/\/www.radiomais.ao\/index.php\/wp-json\/wp\/v2\/media\/497"}],"wp:attachment":[{"href":"https:\/\/www.radiomais.ao\/index.php\/wp-json\/wp\/v2\/media?parent=496"}],"wp:term":[{"taxonomy":"category","embeddable":true,"href":"https:\/\/www.radiomais.ao\/index.php\/wp-json\/wp\/v2\/categories?post=496"},{"taxonomy":"post_tag","embeddable":true,"href":"https:\/\/www.radiomais.ao\/index.php\/wp-json\/wp\/v2\/tags?post=496"}],"curies":[{"name":"wp","href":"https:\/\/api.w.org\/{rel}","templated":true}]}}