{"id":499,"date":"2025-06-24T10:53:08","date_gmt":"2025-06-24T09:53:08","guid":{"rendered":"https:\/\/www.radiomais.ao\/?p=499"},"modified":"2025-06-24T10:53:08","modified_gmt":"2025-06-24T09:53:08","slug":"11-a-edicao-da-feira-nacional-da-banana-no-bengo-preve-volume-de-negocios-acima-dos-100-milhoes-de-kwanzas","status":"publish","type":"post","link":"https:\/\/www.radiomais.ao\/index.php\/2025\/06\/24\/11-a-edicao-da-feira-nacional-da-banana-no-bengo-preve-volume-de-negocios-acima-dos-100-milhoes-de-kwanzas\/","title":{"rendered":"11.\u00aa edi\u00e7\u00e3o da Feira Nacional da Banana no Bengo prev\u00ea volume de neg\u00f3cios acima dos 100 milh\u00f5es de kwanzas."},"content":{"rendered":"\n<p>A 11.\u00aa edi\u00e7\u00e3o da Feira da Banana (FEIBA) arranca na primeira semana de Julho, de 4 a 6, segundo informou o director provincial da Agricultura e Desenvolvimento Rural do Bengo, Faustino Gonga. Fonte <strong><em><a href=\"https:\/\/www.opais.ao\/economia\/11-a-edicao-da-feira-nacional-da-banana-no-bengo-preve-volume-de-negocios-acima-dos-100-milhoes-de-kwanzas\/\">Opa\u00eds.<\/a><\/em><\/strong><\/p>\n\n\n\n<p><\/p>\n","protected":false},"excerpt":{"rendered":"<p>A 11.\u00aa edi\u00e7\u00e3o da Feira da Banana (FEIBA) arranca na primeira semana de Julho, de 4 a 6, segundo informou o director provincial da Agricultura e Desenvolvimento Rural do Bengo, Faustino Gonga. Fonte Opa\u00eds.<\/p>\n","protected":false},"author":3,"featured_media":500,"comment_status":"open","ping_status":"open","sticky":false,"template":"","format":"standard","meta":{"footnotes":""},"categories":[16],"tags":[26],"class_list":["post-499","post","type-post","status-publish","format-standard","has-post-thumbnail","hentry","category-actualidade","tag-11-a-edicao-da-feira-nacional-da-banana-no-bengo"],"blocksy_meta":[],"_links":{"self":[{"href":"https:\/\/www.radiomais.ao\/index.php\/wp-json\/wp\/v2\/posts\/499","targetHints":{"allow":["GET"]}}],"collection":[{"href":"https:\/\/www.radiomais.ao\/index.php\/wp-json\/wp\/v2\/posts"}],"about":[{"href":"https:\/\/www.radiomais.ao\/index.php\/wp-json\/wp\/v2\/types\/post"}],"author":[{"embeddable":true,"href":"https:\/\/www.radiomais.ao\/index.php\/wp-json\/wp\/v2\/users\/3"}],"replies":[{"embeddable":true,"href":"https:\/\/www.radiomais.ao\/index.php\/wp-json\/wp\/v2\/comments?post=499"}],"version-history":[{"count":1,"href":"https:\/\/www.radiomais.ao\/index.php\/wp-json\/wp\/v2\/posts\/499\/revisions"}],"predecessor-version":[{"id":501,"href":"https:\/\/www.radiomais.ao\/index.php\/wp-json\/wp\/v2\/posts\/499\/revisions\/501"}],"wp:featuredmedia":[{"embeddable":true,"href":"https:\/\/www.radiomais.ao\/index.php\/wp-json\/wp\/v2\/media\/500"}],"wp:attachment":[{"href":"https:\/\/www.radiomais.ao\/index.php\/wp-json\/wp\/v2\/media?parent=499"}],"wp:term":[{"taxonomy":"category","embeddable":true,"href":"https:\/\/www.radiomais.ao\/index.php\/wp-json\/wp\/v2\/categories?post=499"},{"taxonomy":"post_tag","embeddable":true,"href":"https:\/\/www.radiomais.ao\/index.php\/wp-json\/wp\/v2\/tags?post=499"}],"curies":[{"name":"wp","href":"https:\/\/api.w.org\/{rel}","templated":true}]}}