{"id":4993,"date":"2026-02-19T08:54:44","date_gmt":"2026-02-19T07:54:44","guid":{"rendered":"https:\/\/www.radiomais.ao\/?p=4993"},"modified":"2026-02-19T08:54:44","modified_gmt":"2026-02-19T07:54:44","slug":"presidente-da-republica-recebe-investidores-com-quem-aborda-potencial-turistico-e-economico-do-pais","status":"publish","type":"post","link":"https:\/\/www.radiomais.ao\/index.php\/2026\/02\/19\/presidente-da-republica-recebe-investidores-com-quem-aborda-potencial-turistico-e-economico-do-pais\/","title":{"rendered":"Presidente da Rep\u00fablica recebe investidores com quem aborda potencial tur\u00edstico e econ\u00f3mico do pa\u00eds."},"content":{"rendered":"\n<p><strong>O Presidente da Rep\u00fablica, Jo\u00e3o Louren\u00e7o, recebeu, ontem, na Cidade Alta, em Luanda, dois empres\u00e1rios internacionais ligados aos sectores do investimento, turismo e promo\u00e7\u00e3o de eventos desportivos. Dois encontros centrados nas oportunidades econ\u00f3micas do pa\u00eds<\/strong>.<\/p>\n\n\n\n<p>Durante a manh\u00e3, o Chefe de Estado manteve um encontro com o presidente do JIH Global, Mohamed Ali Janah, cuja multinacional, sediada no Dubai, actua nas \u00e1reas de desenvolvimento imobili\u00e1rio, hotelaria e apetrechamento de resorts tur\u00edsticos, entre outros sectores.<\/p>\n\n\n\n<p>No final da audi\u00eancia, o empres\u00e1rio afirmou ter recebido do Presidente angolano incentivos para investir no pa\u00eds, sublinhando o potencial de Angola para o crescimento do turismo. Mohamed Ali Janah considerou que o pa\u00eds re\u00fane condi\u00e7\u00f5es favor\u00e1veis para o desenvolvimento de projectos ligados ao sector tur\u00edstico e imobili\u00e1rio. Fonte <strong><em><a href=\"https:\/\/www.opais.ao\/politica\/presidente-da-republica-recebe-investidores-com-quem-aborda-potencial-turistico-e-economico-do-pais\/\">O pa\u00eds<\/a><\/em><\/strong><\/p>\n","protected":false},"excerpt":{"rendered":"<p>O Presidente da Rep\u00fablica, Jo\u00e3o Louren\u00e7o, recebeu, ontem, na Cidade Alta, em Luanda, dois empres\u00e1rios internacionais ligados aos sectores do investimento, turismo e promo\u00e7\u00e3o de eventos desportivos. Dois encontros centrados nas oportunidades econ\u00f3micas do pa\u00eds. Durante a manh\u00e3, o Chefe de Estado manteve um encontro com o presidente do JIH Global, Mohamed Ali Janah, cuja [&hellip;]<\/p>\n","protected":false},"author":3,"featured_media":4994,"comment_status":"open","ping_status":"open","sticky":false,"template":"","format":"standard","meta":{"footnotes":""},"categories":[16],"tags":[1000,2112,132],"class_list":["post-4993","post","type-post","status-publish","format-standard","has-post-thumbnail","hentry","category-actualidade","tag-investidores","tag-potencial-turistico-e-economico","tag-pr"],"blocksy_meta":[],"_links":{"self":[{"href":"https:\/\/www.radiomais.ao\/index.php\/wp-json\/wp\/v2\/posts\/4993","targetHints":{"allow":["GET"]}}],"collection":[{"href":"https:\/\/www.radiomais.ao\/index.php\/wp-json\/wp\/v2\/posts"}],"about":[{"href":"https:\/\/www.radiomais.ao\/index.php\/wp-json\/wp\/v2\/types\/post"}],"author":[{"embeddable":true,"href":"https:\/\/www.radiomais.ao\/index.php\/wp-json\/wp\/v2\/users\/3"}],"replies":[{"embeddable":true,"href":"https:\/\/www.radiomais.ao\/index.php\/wp-json\/wp\/v2\/comments?post=4993"}],"version-history":[{"count":1,"href":"https:\/\/www.radiomais.ao\/index.php\/wp-json\/wp\/v2\/posts\/4993\/revisions"}],"predecessor-version":[{"id":4995,"href":"https:\/\/www.radiomais.ao\/index.php\/wp-json\/wp\/v2\/posts\/4993\/revisions\/4995"}],"wp:featuredmedia":[{"embeddable":true,"href":"https:\/\/www.radiomais.ao\/index.php\/wp-json\/wp\/v2\/media\/4994"}],"wp:attachment":[{"href":"https:\/\/www.radiomais.ao\/index.php\/wp-json\/wp\/v2\/media?parent=4993"}],"wp:term":[{"taxonomy":"category","embeddable":true,"href":"https:\/\/www.radiomais.ao\/index.php\/wp-json\/wp\/v2\/categories?post=4993"},{"taxonomy":"post_tag","embeddable":true,"href":"https:\/\/www.radiomais.ao\/index.php\/wp-json\/wp\/v2\/tags?post=4993"}],"curies":[{"name":"wp","href":"https:\/\/api.w.org\/{rel}","templated":true}]}}