{"id":4996,"date":"2026-02-19T09:01:24","date_gmt":"2026-02-19T08:01:24","guid":{"rendered":"https:\/\/www.radiomais.ao\/?p=4996"},"modified":"2026-02-19T09:01:24","modified_gmt":"2026-02-19T08:01:24","slug":"desemprego-cai-para-201-no-ultimo-trimestre-de-2025","status":"publish","type":"post","link":"https:\/\/www.radiomais.ao\/index.php\/2026\/02\/19\/desemprego-cai-para-201-no-ultimo-trimestre-de-2025\/","title":{"rendered":"Desemprego cai para 20,1% no \u00faltimo trimestre de 2025."},"content":{"rendered":"\n<p><strong>A taxa de desemprego em Angola caiu para 20,1% no quarto trimestre de 2025, menos 6,8 pontos percentuais em rela\u00e7\u00e3o ao trimestre anterior, segundo dados divulgados ontem, 18 de Fevereiro, pelo Instituto Nacional de Estat\u00edstica (INE)<\/strong><\/p>\n\n\n\n<p>A popula\u00e7\u00e3o empregada com 15 ou mais anos foi estimada em 8 milh\u00f5es 876 mil e 650, sendo 4 milh\u00f5es 689 mil e 546 homens e 4 milh\u00f5es 187 mil e 113 mulheres, representando uma taxa de emprego de 39,6%, apontam os resultados do Inqu\u00e9rito sobre o Emprego em Angola (IEA), referente ao \u00faltimo trimestre de 2025.<\/p>\n\n\n\n<p>O chefe de Dom\u00ednio de Estat\u00edsticas do Trabalho, Adilson Muhongo, disse que a taxa de emprego dos homens se manteve na ordem dos 43,3%, registando uma diferen\u00e7a de cerca de 8% em rela\u00e7\u00e3o \u00e0 das mulheres, que registou uma taxa de emprego de 36%. Os dados indicam, tamb\u00e9m, que a \u00e1rea urbana registou uma taxa de emprego de 49,5%, superior \u00e0 \u00e1rea rural que teve um registo de 19,7%, apresentando uma diferen\u00e7a de cerca de 30%. Ler mais em <strong><em><a href=\"https:\/\/www.opais.ao\/economia\/desemprego-cai-para-201-no-ultimo-trimestre-de-2025\/\">Opa\u00eds<\/a><\/em><\/strong><\/p>\n","protected":false},"excerpt":{"rendered":"<p>A taxa de desemprego em Angola caiu para 20,1% no quarto trimestre de 2025, menos 6,8 pontos percentuais em rela\u00e7\u00e3o ao trimestre anterior, segundo dados divulgados ontem, 18 de Fevereiro, pelo Instituto Nacional de Estat\u00edstica (INE) A popula\u00e7\u00e3o empregada com 15 ou mais anos foi estimada em 8 milh\u00f5es 876 mil e 650, sendo 4 [&hellip;]<\/p>\n","protected":false},"author":3,"featured_media":4997,"comment_status":"open","ping_status":"open","sticky":false,"template":"","format":"standard","meta":{"footnotes":""},"categories":[16],"tags":[2114,2113],"class_list":["post-4996","post","type-post","status-publish","format-standard","has-post-thumbnail","hentry","category-actualidade","tag-cai-20-1","tag-desemprego"],"blocksy_meta":[],"_links":{"self":[{"href":"https:\/\/www.radiomais.ao\/index.php\/wp-json\/wp\/v2\/posts\/4996","targetHints":{"allow":["GET"]}}],"collection":[{"href":"https:\/\/www.radiomais.ao\/index.php\/wp-json\/wp\/v2\/posts"}],"about":[{"href":"https:\/\/www.radiomais.ao\/index.php\/wp-json\/wp\/v2\/types\/post"}],"author":[{"embeddable":true,"href":"https:\/\/www.radiomais.ao\/index.php\/wp-json\/wp\/v2\/users\/3"}],"replies":[{"embeddable":true,"href":"https:\/\/www.radiomais.ao\/index.php\/wp-json\/wp\/v2\/comments?post=4996"}],"version-history":[{"count":1,"href":"https:\/\/www.radiomais.ao\/index.php\/wp-json\/wp\/v2\/posts\/4996\/revisions"}],"predecessor-version":[{"id":4998,"href":"https:\/\/www.radiomais.ao\/index.php\/wp-json\/wp\/v2\/posts\/4996\/revisions\/4998"}],"wp:featuredmedia":[{"embeddable":true,"href":"https:\/\/www.radiomais.ao\/index.php\/wp-json\/wp\/v2\/media\/4997"}],"wp:attachment":[{"href":"https:\/\/www.radiomais.ao\/index.php\/wp-json\/wp\/v2\/media?parent=4996"}],"wp:term":[{"taxonomy":"category","embeddable":true,"href":"https:\/\/www.radiomais.ao\/index.php\/wp-json\/wp\/v2\/categories?post=4996"},{"taxonomy":"post_tag","embeddable":true,"href":"https:\/\/www.radiomais.ao\/index.php\/wp-json\/wp\/v2\/tags?post=4996"}],"curies":[{"name":"wp","href":"https:\/\/api.w.org\/{rel}","templated":true}]}}