{"id":5002,"date":"2026-02-19T09:10:10","date_gmt":"2026-02-19T08:10:10","guid":{"rendered":"https:\/\/www.radiomais.ao\/?p=5002"},"modified":"2026-02-19T09:10:10","modified_gmt":"2026-02-19T08:10:10","slug":"recreativo-kilamba-faz-o-tetra-e-cimenta-hegemonia-no-carnaval-de-luanda","status":"publish","type":"post","link":"https:\/\/www.radiomais.ao\/index.php\/2026\/02\/19\/recreativo-kilamba-faz-o-tetra-e-cimenta-hegemonia-no-carnaval-de-luanda\/","title":{"rendered":"Recreativo Kilamba faz o \u201ctetra\u201d e cimenta hegemonia no Carnaval de Luanda."},"content":{"rendered":"\n<p><strong>Pelo quarto ano consecutivo, o grupo Uni\u00e3o Recreativo Kilamba, do munic\u00edpio do Rangel, sagrou-se o grande vencedor da Classe A do Carnaval de Luanda, edi\u00e7\u00e3o 2026, ao arrecadar 898 pontos, deixando para tr\u00e1s os rivais directos Uni\u00e3o Kiela e o Uni\u00e3o Mundo da Ilha, que n\u00e3o foram al\u00e9m do segundo e terceiro lugares, respectivamente<\/strong>.<\/p>\n\n\n\n<p>Foi com alegria, euforia e sentido de \u201cdever cumprido\u201d que o Uni\u00e3o Recreativo Kilamba consumou o seu quarto t\u00edtulo na Classe A, tornando-se assim o primeiro grupo a conquistar quatro edi\u00e7\u00f5es seguidas do Entrudo da cidade capital. Com este feito, o conjunto do munic\u00edpio do Rangel consolida assim a sua hegemonia e assume-se como um conjunto \u201cque veio para revolucionar o Carnaval de Luanda\u201d, como afirma o porta-voz do grupo, Catarino Rodrigues.<\/p>\n\n\n\n<p>A vit\u00f3ria, segundo Rodrigues, \u00e9 fruto de um trabalho \u00e1rduo, disciplina, consist\u00eancia e, acima de tudo, organiza\u00e7\u00e3o que o porta-voz afirma ser a chave dos \u00eaxitos consecutivos do conjunto. \u201cO que os outros grupos n\u00e3o perceberam ainda \u00e9 que o Recreativo Kilamba \u00e9 um grupo que aposta muito na organiza\u00e7\u00e3o.<\/p>\n\n\n\n<p>N\u00f3s, t\u00e3o logo terminamos uma edi\u00e7\u00e3o, come\u00e7amos logo a pensar na pr\u00f3xima, gostamos de nos preparar com anteced\u00eancia e este \u00e9 o fruto desta nossa din\u00e2mica\u201d, disse o respons\u00e1vel. Catarino Rodrigues garantiu que o grupo vai continuar a trabalhar para atingir novos feitos, novas conquistas e continuar a ser \u201cuma das grandes refer\u00eancias do carnaval\u201d, salientando que, apesar de tudo, respeita e reconhece a qualidade e a entrega dos outros grupos concorrentes.<\/p>\n","protected":false},"excerpt":{"rendered":"<p>Pelo quarto ano consecutivo, o grupo Uni\u00e3o Recreativo Kilamba, do munic\u00edpio do Rangel, sagrou-se o grande vencedor da Classe A do Carnaval de Luanda, edi\u00e7\u00e3o 2026, ao arrecadar 898 pontos, deixando para tr\u00e1s os rivais directos Uni\u00e3o Kiela e o Uni\u00e3o Mundo da Ilha, que n\u00e3o foram al\u00e9m do segundo e terceiro lugares, respectivamente. Foi [&hellip;]<\/p>\n","protected":false},"author":3,"featured_media":5003,"comment_status":"open","ping_status":"open","sticky":false,"template":"","format":"standard","meta":{"footnotes":""},"categories":[16],"tags":[2117,2118],"class_list":["post-5002","post","type-post","status-publish","format-standard","has-post-thumbnail","hentry","category-actualidade","tag-recreativo-do-kialamba","tag-vence-edicao-2026-do-carnaval"],"blocksy_meta":[],"_links":{"self":[{"href":"https:\/\/www.radiomais.ao\/index.php\/wp-json\/wp\/v2\/posts\/5002","targetHints":{"allow":["GET"]}}],"collection":[{"href":"https:\/\/www.radiomais.ao\/index.php\/wp-json\/wp\/v2\/posts"}],"about":[{"href":"https:\/\/www.radiomais.ao\/index.php\/wp-json\/wp\/v2\/types\/post"}],"author":[{"embeddable":true,"href":"https:\/\/www.radiomais.ao\/index.php\/wp-json\/wp\/v2\/users\/3"}],"replies":[{"embeddable":true,"href":"https:\/\/www.radiomais.ao\/index.php\/wp-json\/wp\/v2\/comments?post=5002"}],"version-history":[{"count":1,"href":"https:\/\/www.radiomais.ao\/index.php\/wp-json\/wp\/v2\/posts\/5002\/revisions"}],"predecessor-version":[{"id":5004,"href":"https:\/\/www.radiomais.ao\/index.php\/wp-json\/wp\/v2\/posts\/5002\/revisions\/5004"}],"wp:featuredmedia":[{"embeddable":true,"href":"https:\/\/www.radiomais.ao\/index.php\/wp-json\/wp\/v2\/media\/5003"}],"wp:attachment":[{"href":"https:\/\/www.radiomais.ao\/index.php\/wp-json\/wp\/v2\/media?parent=5002"}],"wp:term":[{"taxonomy":"category","embeddable":true,"href":"https:\/\/www.radiomais.ao\/index.php\/wp-json\/wp\/v2\/categories?post=5002"},{"taxonomy":"post_tag","embeddable":true,"href":"https:\/\/www.radiomais.ao\/index.php\/wp-json\/wp\/v2\/tags?post=5002"}],"curies":[{"name":"wp","href":"https:\/\/api.w.org\/{rel}","templated":true}]}}