{"id":5007,"date":"2026-02-19T10:31:28","date_gmt":"2026-02-19T09:31:28","guid":{"rendered":"https:\/\/www.radiomais.ao\/?p=5007"},"modified":"2026-02-19T10:31:28","modified_gmt":"2026-02-19T09:31:28","slug":"ine-apresentou-hoje-o-relatorio-sobre-a-inseguranca-alimentar-referente-ao-periodo-2020-2023","status":"publish","type":"post","link":"https:\/\/www.radiomais.ao\/index.php\/2026\/02\/19\/ine-apresentou-hoje-o-relatorio-sobre-a-inseguranca-alimentar-referente-ao-periodo-2020-2023\/","title":{"rendered":"INE apresentou hoje o relat\u00f3rio sobre a inseguran\u00e7a alimentar referente ao per\u00edodo 2020\u20132023."},"content":{"rendered":"\n<p>Depois de sete anos sem divulga\u00e7\u00e3o p\u00fablica de dados atualizados, o Instituto Nacional de Estat\u00edstica apresentou hoje o relat\u00f3rio sobre a inseguran\u00e7a alimentar referente ao per\u00edodo 2020\u20132023.<\/p>\n\n\n\n<p>O documento revela que a inseguran\u00e7a alimentar no pa\u00eds ultrapassa os 50%, um n\u00famero considerado alarmante por analistas.<\/p>\n\n\n<div \n    class=\"align wp-block-scb-sound-cloud\"    id=\"scbSoundCloud-1\"\n    data-attributes='{&quot;cId&quot;:&quot;cfc88796-9&quot;,&quot;tracks&quot;:[{&quot;url&quot;:&quot;https:\\\/\\\/soundcloud.com\\\/radio-mais-luanda\\\/ine-apresentou-relatorio-sobre?si=1d25bfd954424f2bb02fc040d42a44d0&amp;utm_source=clipboard&amp;utm_medium=text&amp;utm_campaign=social_sharing&quot;,&quot;startTrack&quot;:0}],&quot;alignment&quot;:&quot;center&quot;,&quot;align&quot;:&quot;&quot;,&quot;options&quot;:{&quot;isAutoPlay&quot;:true,&quot;color&quot;:&quot;#f50&quot;,&quot;isBuying&quot;:true,&quot;isSharing&quot;:true,&quot;isDownload&quot;:true,&quot;isArtWork&quot;:true,&quot;isPlayCount&quot;:true,&quot;isUser&quot;:true,&quot;isSingleActive&quot;:true,&quot;isComments&quot;:true,&quot;isVisual&quot;:false,&quot;isTeaser&quot;:false,&quot;isHideRelated&quot;:false},&quot;iframeStyle&quot;:{&quot;width&quot;:&quot;100%&quot;,&quot;height&quot;:&quot;170px&quot;},&quot;frameBorder&quot;:{&quot;color&quot;:&quot;#000&quot;,&quot;style&quot;:&quot;solid&quot;,&quot;width&quot;:&quot;1px&quot;},&quot;frameBRadius&quot;:{&quot;top&quot;:&quot;3px&quot;,&quot;bottom&quot;:&quot;3px&quot;,&quot;left&quot;:&quot;3px&quot;,&quot;right&quot;:&quot;3px&quot;},&quot;frameBoxShadow&quot;:[]}'>\n<\/div>\n\n \n      ","protected":false},"excerpt":{"rendered":"<p>Depois de sete anos sem divulga\u00e7\u00e3o p\u00fablica de dados atualizados, o Instituto Nacional de Estat\u00edstica apresentou hoje o relat\u00f3rio sobre a inseguran\u00e7a alimentar referente ao per\u00edodo 2020\u20132023. O documento revela que a inseguran\u00e7a alimentar no pa\u00eds ultrapassa os 50%, um n\u00famero considerado alarmante por analistas.<\/p>\n","protected":false},"author":3,"featured_media":5008,"comment_status":"open","ping_status":"open","sticky":false,"template":"","format":"standard","meta":{"footnotes":""},"categories":[16],"tags":[332,2121],"class_list":["post-5007","post","type-post","status-publish","format-standard","has-post-thumbnail","hentry","category-actualidade","tag-ine","tag-inseguranca-alimentar"],"blocksy_meta":[],"_links":{"self":[{"href":"https:\/\/www.radiomais.ao\/index.php\/wp-json\/wp\/v2\/posts\/5007","targetHints":{"allow":["GET"]}}],"collection":[{"href":"https:\/\/www.radiomais.ao\/index.php\/wp-json\/wp\/v2\/posts"}],"about":[{"href":"https:\/\/www.radiomais.ao\/index.php\/wp-json\/wp\/v2\/types\/post"}],"author":[{"embeddable":true,"href":"https:\/\/www.radiomais.ao\/index.php\/wp-json\/wp\/v2\/users\/3"}],"replies":[{"embeddable":true,"href":"https:\/\/www.radiomais.ao\/index.php\/wp-json\/wp\/v2\/comments?post=5007"}],"version-history":[{"count":1,"href":"https:\/\/www.radiomais.ao\/index.php\/wp-json\/wp\/v2\/posts\/5007\/revisions"}],"predecessor-version":[{"id":5009,"href":"https:\/\/www.radiomais.ao\/index.php\/wp-json\/wp\/v2\/posts\/5007\/revisions\/5009"}],"wp:featuredmedia":[{"embeddable":true,"href":"https:\/\/www.radiomais.ao\/index.php\/wp-json\/wp\/v2\/media\/5008"}],"wp:attachment":[{"href":"https:\/\/www.radiomais.ao\/index.php\/wp-json\/wp\/v2\/media?parent=5007"}],"wp:term":[{"taxonomy":"category","embeddable":true,"href":"https:\/\/www.radiomais.ao\/index.php\/wp-json\/wp\/v2\/categories?post=5007"},{"taxonomy":"post_tag","embeddable":true,"href":"https:\/\/www.radiomais.ao\/index.php\/wp-json\/wp\/v2\/tags?post=5007"}],"curies":[{"name":"wp","href":"https:\/\/api.w.org\/{rel}","templated":true}]}}