{"id":5010,"date":"2026-02-19T10:37:19","date_gmt":"2026-02-19T09:37:19","guid":{"rendered":"https:\/\/www.radiomais.ao\/?p=5010"},"modified":"2026-02-19T10:37:19","modified_gmt":"2026-02-19T09:37:19","slug":"chuvas-no-municipio-de-lumbala-guimbo-deixam-mais-de-duzentas-pessoas-ao-relento","status":"publish","type":"post","link":"https:\/\/www.radiomais.ao\/index.php\/2026\/02\/19\/chuvas-no-municipio-de-lumbala-guimbo-deixam-mais-de-duzentas-pessoas-ao-relento\/","title":{"rendered":"Chuvas no munic\u00edpio de Lumbala-Guimbo deixam mais de duzentas pessoas ao relento."},"content":{"rendered":"\n<p>Um total de 269 pessoas ficou ao relento no munic\u00edpio de Lumbala-Guimbo, prov\u00edncia do Moxico, em consequ\u00eancia das fortes chuvas que se registaram entre os dias 11 e 17 de Fevereiro do corrente ano.<\/p>\n\n\n\n<p>De acordo com um levantamento realizado pelo Servi\u00e7o de Protec\u00e7\u00e3o Civil e Bombeiros nesta Quarta-feira, as chuvas provocaram a destrui\u00e7\u00e3o de 35 resid\u00eancias de constru\u00e7\u00e3o prec\u00e1ria.<\/p>\n\n\n\n<p>O diagn\u00f3stico foi efectuado nos bairros Miwango, Macai, Caxito, Cer\u00e2mica e Ngola Yeto, onde se constatou que centenas de fam\u00edlias perderam as suas habita\u00e7\u00f5es, ficando expostas \u00e0s intemp\u00e9ries e em situa\u00e7\u00e3o de vulnerabilidade.<\/p>\n\n\n\n<p>Ap\u00f3s o levantamento, as autoridades desencadearam ac\u00e7\u00f5es de sensibiliza\u00e7\u00e3o dirigidas \u00e0s popula\u00e7\u00f5es que residem em zonas de risco, com foco na preven\u00e7\u00e3o de calamidades naturais ou tecnol\u00f3gicas, sobretudo durante a \u00e9poca chuvosa, visando mitigar poss\u00edveis impactos futuros.<\/p>\n\n\n\n<p>As ac\u00e7\u00f5es foram coordenadas pelo comandante municipal do Lumbala-Guimbo do SPCB, inspector bombeiro Chefe-Lote Cahilo Cawina.<\/p>\n","protected":false},"excerpt":{"rendered":"<p>Um total de 269 pessoas ficou ao relento no munic\u00edpio de Lumbala-Guimbo, prov\u00edncia do Moxico, em consequ\u00eancia das fortes chuvas que se registaram entre os dias 11 e 17 de Fevereiro do corrente ano. De acordo com um levantamento realizado pelo Servi\u00e7o de Protec\u00e7\u00e3o Civil e Bombeiros nesta Quarta-feira, as chuvas provocaram a destrui\u00e7\u00e3o de [&hellip;]<\/p>\n","protected":false},"author":3,"featured_media":5011,"comment_status":"open","ping_status":"open","sticky":false,"template":"","format":"standard","meta":{"footnotes":""},"categories":[16],"tags":[1238,2122],"class_list":["post-5010","post","type-post","status-publish","format-standard","has-post-thumbnail","hentry","category-actualidade","tag-chuvas","tag-lumbala-guimbo"],"blocksy_meta":[],"_links":{"self":[{"href":"https:\/\/www.radiomais.ao\/index.php\/wp-json\/wp\/v2\/posts\/5010","targetHints":{"allow":["GET"]}}],"collection":[{"href":"https:\/\/www.radiomais.ao\/index.php\/wp-json\/wp\/v2\/posts"}],"about":[{"href":"https:\/\/www.radiomais.ao\/index.php\/wp-json\/wp\/v2\/types\/post"}],"author":[{"embeddable":true,"href":"https:\/\/www.radiomais.ao\/index.php\/wp-json\/wp\/v2\/users\/3"}],"replies":[{"embeddable":true,"href":"https:\/\/www.radiomais.ao\/index.php\/wp-json\/wp\/v2\/comments?post=5010"}],"version-history":[{"count":1,"href":"https:\/\/www.radiomais.ao\/index.php\/wp-json\/wp\/v2\/posts\/5010\/revisions"}],"predecessor-version":[{"id":5012,"href":"https:\/\/www.radiomais.ao\/index.php\/wp-json\/wp\/v2\/posts\/5010\/revisions\/5012"}],"wp:featuredmedia":[{"embeddable":true,"href":"https:\/\/www.radiomais.ao\/index.php\/wp-json\/wp\/v2\/media\/5011"}],"wp:attachment":[{"href":"https:\/\/www.radiomais.ao\/index.php\/wp-json\/wp\/v2\/media?parent=5010"}],"wp:term":[{"taxonomy":"category","embeddable":true,"href":"https:\/\/www.radiomais.ao\/index.php\/wp-json\/wp\/v2\/categories?post=5010"},{"taxonomy":"post_tag","embeddable":true,"href":"https:\/\/www.radiomais.ao\/index.php\/wp-json\/wp\/v2\/tags?post=5010"}],"curies":[{"name":"wp","href":"https:\/\/api.w.org\/{rel}","templated":true}]}}