{"id":5013,"date":"2026-02-19T10:43:32","date_gmt":"2026-02-19T09:43:32","guid":{"rendered":"https:\/\/www.radiomais.ao\/?p=5013"},"modified":"2026-02-19T10:43:32","modified_gmt":"2026-02-19T09:43:32","slug":"obras-na-estrada-viana-calumbo-decorrem-a-bom-ritmo","status":"publish","type":"post","link":"https:\/\/www.radiomais.ao\/index.php\/2026\/02\/19\/obras-na-estrada-viana-calumbo-decorrem-a-bom-ritmo\/","title":{"rendered":"Obras na Estrada Viana\/Calumbo decorrem a bom ritmo."},"content":{"rendered":"\n<p>As obras de reabilita\u00e7\u00e3o da Estrada Viana\/Calumbo, conhecida como a \u201cVia do Cemit\u00e9rio\u201d, decorrem a bom ritmo no munic\u00edpio de Viana, na prov\u00edncia de Luanda.<\/p>\n\n\n\n<p>Segundo imagens captadas pelo GPL, h\u00e1 avan\u00e7os na execu\u00e7\u00e3o dos trabalhos, com destaque para a fase de decapagem e limpeza do pavimento anterior, etapa que marca o arranque da interven\u00e7\u00e3o no terreno.<\/p>\n\n\n\n<p>De acordo com o fiscal residente da empreitada citado pela institui\u00e7\u00e3o, Silv\u00e9rio Sardinha Lisboa, a via possui uma extens\u00e3o total de 6,185 quil\u00f3metros. Por essa raz\u00e3o, os trabalhos est\u00e3o a ser realizados por tro\u00e7os, estrat\u00e9gia que visa reduzir os constrangimentos \u00e0 circula\u00e7\u00e3o rodovi\u00e1ria, salvaguardando a mobilidade dos automobilistas e pe\u00f5es, bem como a seguran\u00e7a dos mun\u00edcipes.<\/p>\n\n\n\n<p>Conclu\u00edda a fase de prepara\u00e7\u00e3o da plataforma, seguir-se-\u00e3o os trabalhos de sondagem das redes t\u00e9cnicas enterradas, procedimento indispens\u00e1vel para assegurar a correcta identifica\u00e7\u00e3o de infraestruturas existentes.<\/p>\n\n\n\n<p>Posteriormente, ter\u00e1 in\u00edcio a escava\u00e7\u00e3o para a implementa\u00e7\u00e3o do sistema de macrodrenagem, componente considerada fundamental para a melhoria do escoamento das \u00e1guas pluviais e para a durabilidade da via. Ler mais em <strong><em><a href=\"https:\/\/www.opais.ao\/ultimas_hora\/obras-na-estrada-viana-calumbo-decorrem-a-bom-ritmo\/\">Opa\u00eds<\/a><\/em><\/strong><\/p>\n","protected":false},"excerpt":{"rendered":"<p>As obras de reabilita\u00e7\u00e3o da Estrada Viana\/Calumbo, conhecida como a \u201cVia do Cemit\u00e9rio\u201d, decorrem a bom ritmo no munic\u00edpio de Viana, na prov\u00edncia de Luanda. Segundo imagens captadas pelo GPL, h\u00e1 avan\u00e7os na execu\u00e7\u00e3o dos trabalhos, com destaque para a fase de decapagem e limpeza do pavimento anterior, etapa que marca o arranque da interven\u00e7\u00e3o [&hellip;]<\/p>\n","protected":false},"author":3,"featured_media":5014,"comment_status":"open","ping_status":"open","sticky":false,"template":"","format":"standard","meta":{"footnotes":""},"categories":[16],"tags":[2124,2123],"class_list":["post-5013","post","type-post","status-publish","format-standard","has-post-thumbnail","hentry","category-actualidade","tag-a-bom-ritimo","tag-obras-estrada-de-viana"],"blocksy_meta":[],"_links":{"self":[{"href":"https:\/\/www.radiomais.ao\/index.php\/wp-json\/wp\/v2\/posts\/5013","targetHints":{"allow":["GET"]}}],"collection":[{"href":"https:\/\/www.radiomais.ao\/index.php\/wp-json\/wp\/v2\/posts"}],"about":[{"href":"https:\/\/www.radiomais.ao\/index.php\/wp-json\/wp\/v2\/types\/post"}],"author":[{"embeddable":true,"href":"https:\/\/www.radiomais.ao\/index.php\/wp-json\/wp\/v2\/users\/3"}],"replies":[{"embeddable":true,"href":"https:\/\/www.radiomais.ao\/index.php\/wp-json\/wp\/v2\/comments?post=5013"}],"version-history":[{"count":1,"href":"https:\/\/www.radiomais.ao\/index.php\/wp-json\/wp\/v2\/posts\/5013\/revisions"}],"predecessor-version":[{"id":5015,"href":"https:\/\/www.radiomais.ao\/index.php\/wp-json\/wp\/v2\/posts\/5013\/revisions\/5015"}],"wp:featuredmedia":[{"embeddable":true,"href":"https:\/\/www.radiomais.ao\/index.php\/wp-json\/wp\/v2\/media\/5014"}],"wp:attachment":[{"href":"https:\/\/www.radiomais.ao\/index.php\/wp-json\/wp\/v2\/media?parent=5013"}],"wp:term":[{"taxonomy":"category","embeddable":true,"href":"https:\/\/www.radiomais.ao\/index.php\/wp-json\/wp\/v2\/categories?post=5013"},{"taxonomy":"post_tag","embeddable":true,"href":"https:\/\/www.radiomais.ao\/index.php\/wp-json\/wp\/v2\/tags?post=5013"}],"curies":[{"name":"wp","href":"https:\/\/api.w.org\/{rel}","templated":true}]}}