{"id":5016,"date":"2026-02-19T12:24:23","date_gmt":"2026-02-19T11:24:23","guid":{"rendered":"https:\/\/www.radiomais.ao\/?p=5016"},"modified":"2026-02-19T12:24:23","modified_gmt":"2026-02-19T11:24:23","slug":"amanda-khozi-mukwashi-e-a-nova-coordenadora-residente-das-nacoes-unidas-em-angola","status":"publish","type":"post","link":"https:\/\/www.radiomais.ao\/index.php\/2026\/02\/19\/amanda-khozi-mukwashi-e-a-nova-coordenadora-residente-das-nacoes-unidas-em-angola\/","title":{"rendered":"Amanda Khozi Mukwashi \u00e9 a nova coordenadora residente das Na\u00e7\u00f5es Unidas em Angola."},"content":{"rendered":"\n<p>O ministro das Rela\u00e7\u00f5es Exteriores, T\u00e9te Ant\u00f3nio, recebeu, nesta Quarta-feira, 18, as Cartas Credenciais de Amanda Khozi Mukwashi, indigitada para exercer fun\u00e7\u00f5es de nova coordenadora residente das Na\u00e7\u00f5es Unidas em Angola.<\/p>\n\n\n\n<p>Segundo uma nota do MIREX enviada hoje , as duas entidades trocaram impress\u00f5es sobre as prioridades da coopera\u00e7\u00e3o entre Angola e o Sistema das Na\u00e7\u00f5es Unidas, com foco nas \u00e1reas do desenvolvimento sustent\u00e1vel, inclus\u00e3o social, igualdade de g\u00e9nero e apoio aos programas nacionais alinhados com a Agenda 2030.<\/p>\n\n\n\n<p>Amanda Khozi Mukwashi sucede a Zahira Virani, assumindo oficialmente o cargo ap\u00f3s concluir, em Fevereiro de 2026, a sua miss\u00e3o como Coordenadora Residente das Na\u00e7\u00f5es Unidas no Lesoto, fun\u00e7\u00e3o que exercia desde Janeiro de 2022.<\/p>\n\n\n\n<p>Com uma carreira superior a 25 anos dedicada ao combate \u00e0 pobreza, \u00e0 redu\u00e7\u00e3o das desigualdades e \u00e0 promo\u00e7\u00e3o da justi\u00e7a social, Amanda Khozi Mukwashi construiu experi\u00eancia s\u00f3lida em ambientes intergovernamentais e n\u00e3o-governamentais, com actua\u00e7\u00e3o em \u00c1frica, \u00c1sia, M\u00e9dio Oriente, Am\u00e9rica Latina e Cara\u00edbas.<\/p>\n\n\n\n<p>Antes de assumir fun\u00e7\u00f5es em Angola, exerceu o cargo de directora executiva (CEO) da Christian Aid, organiza\u00e7\u00e3o internacional de desenvolvimento e assist\u00eancia humanit\u00e1ria.<\/p>\n\n\n\n<p>Ao longo do seu percurso profissional, integrou igualmente o Sistema das Na\u00e7\u00f5es Unidas, no \u00e2mbito do Programa de Volunt\u00e1rios das Na\u00e7\u00f5es Unidas (UNV) na Alemanha, onde ocupou as posi\u00e7\u00f5es de chefe de Conhecimento e Inova\u00e7\u00e3o do Voluntariado e de chefe de Servi\u00e7os de Assessoria. Ler mais em<strong><em><a href=\"https:\/\/www.opais.ao\/politica\/amanda-khozi-mukwashi-e-a-nova-coordenadora-residente-das-nacoes-unidas-em-angola\/\"> Opa\u00eds<\/a><\/em><\/strong><\/p>\n","protected":false},"excerpt":{"rendered":"<p>O ministro das Rela\u00e7\u00f5es Exteriores, T\u00e9te Ant\u00f3nio, recebeu, nesta Quarta-feira, 18, as Cartas Credenciais de Amanda Khozi Mukwashi, indigitada para exercer fun\u00e7\u00f5es de nova coordenadora residente das Na\u00e7\u00f5es Unidas em Angola. Segundo uma nota do MIREX enviada hoje , as duas entidades trocaram impress\u00f5es sobre as prioridades da coopera\u00e7\u00e3o entre Angola e o Sistema das [&hellip;]<\/p>\n","protected":false},"author":3,"featured_media":5017,"comment_status":"open","ping_status":"open","sticky":false,"template":"","format":"standard","meta":{"footnotes":""},"categories":[16],"tags":[2125],"class_list":["post-5016","post","type-post","status-publish","format-standard","has-post-thumbnail","hentry","category-actualidade","tag-amanda-khozi-mukwashi-e-a-nova-coordenadora-residente-das-nacoes-unidas-em-angola"],"blocksy_meta":[],"_links":{"self":[{"href":"https:\/\/www.radiomais.ao\/index.php\/wp-json\/wp\/v2\/posts\/5016","targetHints":{"allow":["GET"]}}],"collection":[{"href":"https:\/\/www.radiomais.ao\/index.php\/wp-json\/wp\/v2\/posts"}],"about":[{"href":"https:\/\/www.radiomais.ao\/index.php\/wp-json\/wp\/v2\/types\/post"}],"author":[{"embeddable":true,"href":"https:\/\/www.radiomais.ao\/index.php\/wp-json\/wp\/v2\/users\/3"}],"replies":[{"embeddable":true,"href":"https:\/\/www.radiomais.ao\/index.php\/wp-json\/wp\/v2\/comments?post=5016"}],"version-history":[{"count":1,"href":"https:\/\/www.radiomais.ao\/index.php\/wp-json\/wp\/v2\/posts\/5016\/revisions"}],"predecessor-version":[{"id":5018,"href":"https:\/\/www.radiomais.ao\/index.php\/wp-json\/wp\/v2\/posts\/5016\/revisions\/5018"}],"wp:featuredmedia":[{"embeddable":true,"href":"https:\/\/www.radiomais.ao\/index.php\/wp-json\/wp\/v2\/media\/5017"}],"wp:attachment":[{"href":"https:\/\/www.radiomais.ao\/index.php\/wp-json\/wp\/v2\/media?parent=5016"}],"wp:term":[{"taxonomy":"category","embeddable":true,"href":"https:\/\/www.radiomais.ao\/index.php\/wp-json\/wp\/v2\/categories?post=5016"},{"taxonomy":"post_tag","embeddable":true,"href":"https:\/\/www.radiomais.ao\/index.php\/wp-json\/wp\/v2\/tags?post=5016"}],"curies":[{"name":"wp","href":"https:\/\/api.w.org\/{rel}","templated":true}]}}