{"id":5040,"date":"2026-02-20T09:44:15","date_gmt":"2026-02-20T08:44:15","guid":{"rendered":"https:\/\/www.radiomais.ao\/?p=5040"},"modified":"2026-02-20T09:44:15","modified_gmt":"2026-02-20T08:44:15","slug":"presidente-do-csmj-exige-combate-firme-a-corrupcao-nos-tribunais","status":"publish","type":"post","link":"https:\/\/www.radiomais.ao\/index.php\/2026\/02\/20\/presidente-do-csmj-exige-combate-firme-a-corrupcao-nos-tribunais\/","title":{"rendered":"Presidente do CSMJ exige combate firme \u00e0 corrup\u00e7\u00e3o nos tribunais."},"content":{"rendered":"\n<p><strong>\u201cGostar\u00edamos de ver os empossados a combater condutas indecorosas, com destaque para a corrup\u00e7\u00e3o envolvendo funcion\u00e1rios judiciais e magistrados\u201d. Foi com este apelo que o presidente do Conselho Superior da Magistratura Judicial (CSMJ), Norberto Jo\u00e3o, dirigiu-se, nesta Quinta-feira, aos 23 ju\u00edzes rec\u00e9m-empossados para presidir aos Tribunais de Comarca em v\u00e1rias prov\u00edncias do pa\u00eds<\/strong>.<\/p>\n\n\n\n<p>Durante a cerim\u00f3nia, Norberto Jo\u00e3o reconheceu existirem sinais de pr\u00e1ticas contr\u00e1rias \u00e0 \u00e9tica e \u00e0 deontologia profissional no seio dos tribunais, sublinhando que a nova etapa deve ser marcada por responsabilidade, integridade e lideran\u00e7a efectiva. \u201cDevem demonstrar que merecem a fun\u00e7\u00e3o, saber gerir e encontrar solu\u00e7\u00f5es para os problemas nas vossas comarcas\u201d, refor\u00e7ou, ao alertar contra atitudes de vaidade e autoritarismo.<\/p>\n\n\n\n<p>O magistrado lembrou que o presidente da comarca \u00e9 o rosto da magistratura judicial perante a sociedade e as autoridades administrativas e pol\u00edticas locais, pelo que o exerc\u00edcio da fun\u00e7\u00e3o exige dedica\u00e7\u00e3o, esp\u00edrito de equipa e capacidade de gest\u00e3o. Garantiu ainda que o desempenho dos magistrados ser\u00e1 acompanhado de perto e que poder\u00e3o ser substitu\u00ed dos caso n\u00e3o correspondam \u00e0s expectativas.<\/p>\n\n\n\n<p>Combate \u00e0 corrup\u00e7\u00e3o e redu\u00e7\u00e3o da morosidade processual Tomaram posse os ju\u00edzes presidentes das comarcas de Luanda, Viana, Cubal, Lobito, Dande, Cuito, Ca\u00e1la, Moxico, Buco Zau, Cabinda, Amboim, Cela, Cambambe, Cazengo, Soyo, Cuanhama, Bibala, T\u00f4mbwa, Caconda, Matala, Chitato e Menongue.<\/p>\n","protected":false},"excerpt":{"rendered":"<p>\u201cGostar\u00edamos de ver os empossados a combater condutas indecorosas, com destaque para a corrup\u00e7\u00e3o envolvendo funcion\u00e1rios judiciais e magistrados\u201d. Foi com este apelo que o presidente do Conselho Superior da Magistratura Judicial (CSMJ), Norberto Jo\u00e3o, dirigiu-se, nesta Quinta-feira, aos 23 ju\u00edzes rec\u00e9m-empossados para presidir aos Tribunais de Comarca em v\u00e1rias prov\u00edncias do pa\u00eds. Durante a [&hellip;]<\/p>\n","protected":false},"author":3,"featured_media":5042,"comment_status":"open","ping_status":"open","sticky":false,"template":"","format":"standard","meta":{"footnotes":""},"categories":[16],"tags":[2137,2136],"class_list":["post-5040","post","type-post","status-publish","format-standard","has-post-thumbnail","hentry","category-actualidade","tag-combate-a-corrupcao","tag-csmj"],"blocksy_meta":[],"_links":{"self":[{"href":"https:\/\/www.radiomais.ao\/index.php\/wp-json\/wp\/v2\/posts\/5040","targetHints":{"allow":["GET"]}}],"collection":[{"href":"https:\/\/www.radiomais.ao\/index.php\/wp-json\/wp\/v2\/posts"}],"about":[{"href":"https:\/\/www.radiomais.ao\/index.php\/wp-json\/wp\/v2\/types\/post"}],"author":[{"embeddable":true,"href":"https:\/\/www.radiomais.ao\/index.php\/wp-json\/wp\/v2\/users\/3"}],"replies":[{"embeddable":true,"href":"https:\/\/www.radiomais.ao\/index.php\/wp-json\/wp\/v2\/comments?post=5040"}],"version-history":[{"count":1,"href":"https:\/\/www.radiomais.ao\/index.php\/wp-json\/wp\/v2\/posts\/5040\/revisions"}],"predecessor-version":[{"id":5043,"href":"https:\/\/www.radiomais.ao\/index.php\/wp-json\/wp\/v2\/posts\/5040\/revisions\/5043"}],"wp:featuredmedia":[{"embeddable":true,"href":"https:\/\/www.radiomais.ao\/index.php\/wp-json\/wp\/v2\/media\/5042"}],"wp:attachment":[{"href":"https:\/\/www.radiomais.ao\/index.php\/wp-json\/wp\/v2\/media?parent=5040"}],"wp:term":[{"taxonomy":"category","embeddable":true,"href":"https:\/\/www.radiomais.ao\/index.php\/wp-json\/wp\/v2\/categories?post=5040"},{"taxonomy":"post_tag","embeddable":true,"href":"https:\/\/www.radiomais.ao\/index.php\/wp-json\/wp\/v2\/tags?post=5040"}],"curies":[{"name":"wp","href":"https:\/\/api.w.org\/{rel}","templated":true}]}}