{"id":5044,"date":"2026-02-20T09:49:46","date_gmt":"2026-02-20T08:49:46","guid":{"rendered":"https:\/\/www.radiomais.ao\/?p=5044"},"modified":"2026-02-20T09:49:46","modified_gmt":"2026-02-20T08:49:46","slug":"huila-comeca-a-exportar-rochas-ornamentais-para-os-eua-a-partir-deste-ano","status":"publish","type":"post","link":"https:\/\/www.radiomais.ao\/index.php\/2026\/02\/20\/huila-comeca-a-exportar-rochas-ornamentais-para-os-eua-a-partir-deste-ano\/","title":{"rendered":"Hu\u00edla come\u00e7a a exportar rochas ornamentais para os EUA a partir deste ano."},"content":{"rendered":"\n<p><strong>A prov\u00edncia da Hu\u00edla prev\u00ea dar in\u00edcio, durante o ano em curso, \u00e0 exporta\u00e7\u00e3o das suas rochas ornamentais para os Estados Unidos da Am\u00e9rica, depois de longos per\u00edodos de comercializa\u00e7\u00e3o em bruto para a China, Espanha, Portugal e It\u00e1lia, considerados os maiores compradores dos produtos<\/strong><\/p>\n\n\n\n<p>A informa\u00e7\u00e3o foi avan\u00e7ada recentemente pelo director do Gabinete Provincial do Desenvolvimento Econ\u00f3mico Integrado da Hu\u00edla, Domingos Calumana, sublinhando que a transporta\u00e7\u00e3o ser\u00e1 feita a partir dos portos do Namibe e do Lobito. Apesar de n\u00e3o ter referido uma data espec\u00edfica, de acordo com o respons\u00e1vel, a iniciativa servir\u00e1 de alavanca para o sector econ\u00f3mico a n\u00edvel local e do pa\u00eds, e nesta altura j\u00e1 decorrem todos os processos de negocia\u00e7\u00e3o para o arranque das exporta\u00e7\u00f5es.<\/p>\n\n\n\n<p>\u201cRecebemos agora uma nota de que j\u00e1 come\u00e7amos a ter algum contacto, interesses de exporta\u00e7\u00e3o para algumas empresas dos Estados Unidos da Am\u00e9rica\u201d, revelou. Domingos Calumana considerou, igualmente, a necessidade de os investidores come\u00e7arem a olhar com maior interesse ao sector das rochas ornamentais, pois, com um maior investimento, poder\u00e1 ser poss\u00edvel a cria\u00e7\u00e3o de mais postos de trabalho.<\/p>\n\n\n\n<p>\u201cTemos que continuar a trabalhar, despertar acima de tudo, que quem investe na prov\u00edncia da Hu\u00edla est\u00e1 a investir numa prov\u00edncia muito estrat\u00e9gica, em fun\u00e7\u00e3o da sua localiza\u00e7\u00e3o geogr\u00e1fica\u201d, exortou. Localizada na regi\u00e3o sul do pa\u00eds, a prov\u00edncia da Hu\u00edla possui um dos mais importantes parques industriais angolanos. Na minera\u00e7\u00e3o industrial, h\u00e1 a extra\u00e7\u00e3o de caulino, mangan\u00eas, mica e granito negro.<\/p>\n","protected":false},"excerpt":{"rendered":"<p>A prov\u00edncia da Hu\u00edla prev\u00ea dar in\u00edcio, durante o ano em curso, \u00e0 exporta\u00e7\u00e3o das suas rochas ornamentais para os Estados Unidos da Am\u00e9rica, depois de longos per\u00edodos de comercializa\u00e7\u00e3o em bruto para a China, Espanha, Portugal e It\u00e1lia, considerados os maiores compradores dos produtos A informa\u00e7\u00e3o foi avan\u00e7ada recentemente pelo director do Gabinete Provincial [&hellip;]<\/p>\n","protected":false},"author":3,"featured_media":5045,"comment_status":"open","ping_status":"open","sticky":false,"template":"","format":"standard","meta":{"footnotes":""},"categories":[16],"tags":[607,2138],"class_list":["post-5044","post","type-post","status-publish","format-standard","has-post-thumbnail","hentry","category-actualidade","tag-eua","tag-exportacao-de-rochas"],"blocksy_meta":[],"_links":{"self":[{"href":"https:\/\/www.radiomais.ao\/index.php\/wp-json\/wp\/v2\/posts\/5044","targetHints":{"allow":["GET"]}}],"collection":[{"href":"https:\/\/www.radiomais.ao\/index.php\/wp-json\/wp\/v2\/posts"}],"about":[{"href":"https:\/\/www.radiomais.ao\/index.php\/wp-json\/wp\/v2\/types\/post"}],"author":[{"embeddable":true,"href":"https:\/\/www.radiomais.ao\/index.php\/wp-json\/wp\/v2\/users\/3"}],"replies":[{"embeddable":true,"href":"https:\/\/www.radiomais.ao\/index.php\/wp-json\/wp\/v2\/comments?post=5044"}],"version-history":[{"count":1,"href":"https:\/\/www.radiomais.ao\/index.php\/wp-json\/wp\/v2\/posts\/5044\/revisions"}],"predecessor-version":[{"id":5046,"href":"https:\/\/www.radiomais.ao\/index.php\/wp-json\/wp\/v2\/posts\/5044\/revisions\/5046"}],"wp:featuredmedia":[{"embeddable":true,"href":"https:\/\/www.radiomais.ao\/index.php\/wp-json\/wp\/v2\/media\/5045"}],"wp:attachment":[{"href":"https:\/\/www.radiomais.ao\/index.php\/wp-json\/wp\/v2\/media?parent=5044"}],"wp:term":[{"taxonomy":"category","embeddable":true,"href":"https:\/\/www.radiomais.ao\/index.php\/wp-json\/wp\/v2\/categories?post=5044"},{"taxonomy":"post_tag","embeddable":true,"href":"https:\/\/www.radiomais.ao\/index.php\/wp-json\/wp\/v2\/tags?post=5044"}],"curies":[{"name":"wp","href":"https:\/\/api.w.org\/{rel}","templated":true}]}}