{"id":5050,"date":"2026-02-20T10:17:31","date_gmt":"2026-02-20T09:17:31","guid":{"rendered":"https:\/\/www.radiomais.ao\/?p=5050"},"modified":"2026-02-20T10:17:31","modified_gmt":"2026-02-20T09:17:31","slug":"porto-do-lobito-capacita-mais-de-100-quadros-no-seminario-sobre-instrumentos-de-gestao","status":"publish","type":"post","link":"https:\/\/www.radiomais.ao\/index.php\/2026\/02\/20\/porto-do-lobito-capacita-mais-de-100-quadros-no-seminario-sobre-instrumentos-de-gestao\/","title":{"rendered":"Porto do Lobito capacita mais de 100 quadros no Semin\u00e1rio sobre Instrumentos de Gest\u00e3o."},"content":{"rendered":"\n<p>O Porto do Lobito iniciou, nesta quinta-feira, 19 de Fevereiro, um semin\u00e1rio interno sobre instrumentos de gest\u00e3o que re\u00fane 140 trabalhadores, entre directores, assessores, chefes de departamento e t\u00e9cnicos de diferentes \u00e1reas, numa ac\u00e7\u00e3o estrat\u00e9gica orientada para o refor\u00e7o da efici\u00eancia administrativa e do alinhamento institucional.<\/p>\n\n\n\n<p>Promovida pelo Conselho de Administra\u00e7\u00e3o da Empresa Portu\u00e1ria do Lobito (EPL-EP), a forma\u00e7\u00e3o decorre durante dois dias e visa consolidar conhecimentos sobre os principais instrumentos de planeamento, execu\u00e7\u00e3o e controlo adoptados pela institui\u00e7\u00e3o, num contexto de crescente exig\u00eancia operacional e de responsabilidade na gest\u00e3o p\u00fablica.<\/p>\n\n\n\n<p>Segundo uma nota de imprensa enviada ao Jornal OPA\u00cdS, na sess\u00e3o de abertura, o presidente do Conselho de Administra\u00e7\u00e3o, Celso Rosas, sublinhou que a capacita\u00e7\u00e3o cont\u00ednua dos quadros constitui um pilar essencial para a moderniza\u00e7\u00e3o e sustentabilidade do Porto do Lobito. Ler mais em <strong><em><a href=\"https:\/\/www.opais.ao\/ultimas_hora\/porto-do-lobito-capacita-mais-de-100-quadros-no-seminario-sobre-instrumentos-de-gestao\/\">Opa\u00eds.<\/a><\/em><\/strong><\/p>\n","protected":false},"excerpt":{"rendered":"<p>O Porto do Lobito iniciou, nesta quinta-feira, 19 de Fevereiro, um semin\u00e1rio interno sobre instrumentos de gest\u00e3o que re\u00fane 140 trabalhadores, entre directores, assessores, chefes de departamento e t\u00e9cnicos de diferentes \u00e1reas, numa ac\u00e7\u00e3o estrat\u00e9gica orientada para o refor\u00e7o da efici\u00eancia administrativa e do alinhamento institucional. Promovida pelo Conselho de Administra\u00e7\u00e3o da Empresa Portu\u00e1ria do [&hellip;]<\/p>\n","protected":false},"author":3,"featured_media":5051,"comment_status":"open","ping_status":"open","sticky":false,"template":"","format":"standard","meta":{"footnotes":""},"categories":[16],"tags":[2139],"class_list":["post-5050","post","type-post","status-publish","format-standard","has-post-thumbnail","hentry","category-actualidade","tag-porto-do-lobito-capacita-mais-de-100-quadros-no-seminario-sobre-instrumentos-de-gestao"],"blocksy_meta":[],"_links":{"self":[{"href":"https:\/\/www.radiomais.ao\/index.php\/wp-json\/wp\/v2\/posts\/5050","targetHints":{"allow":["GET"]}}],"collection":[{"href":"https:\/\/www.radiomais.ao\/index.php\/wp-json\/wp\/v2\/posts"}],"about":[{"href":"https:\/\/www.radiomais.ao\/index.php\/wp-json\/wp\/v2\/types\/post"}],"author":[{"embeddable":true,"href":"https:\/\/www.radiomais.ao\/index.php\/wp-json\/wp\/v2\/users\/3"}],"replies":[{"embeddable":true,"href":"https:\/\/www.radiomais.ao\/index.php\/wp-json\/wp\/v2\/comments?post=5050"}],"version-history":[{"count":1,"href":"https:\/\/www.radiomais.ao\/index.php\/wp-json\/wp\/v2\/posts\/5050\/revisions"}],"predecessor-version":[{"id":5052,"href":"https:\/\/www.radiomais.ao\/index.php\/wp-json\/wp\/v2\/posts\/5050\/revisions\/5052"}],"wp:featuredmedia":[{"embeddable":true,"href":"https:\/\/www.radiomais.ao\/index.php\/wp-json\/wp\/v2\/media\/5051"}],"wp:attachment":[{"href":"https:\/\/www.radiomais.ao\/index.php\/wp-json\/wp\/v2\/media?parent=5050"}],"wp:term":[{"taxonomy":"category","embeddable":true,"href":"https:\/\/www.radiomais.ao\/index.php\/wp-json\/wp\/v2\/categories?post=5050"},{"taxonomy":"post_tag","embeddable":true,"href":"https:\/\/www.radiomais.ao\/index.php\/wp-json\/wp\/v2\/tags?post=5050"}],"curies":[{"name":"wp","href":"https:\/\/api.w.org\/{rel}","templated":true}]}}