{"id":5100,"date":"2026-02-23T10:57:12","date_gmt":"2026-02-23T09:57:12","guid":{"rendered":"https:\/\/www.radiomais.ao\/?p=5100"},"modified":"2026-02-23T10:57:12","modified_gmt":"2026-02-23T09:57:12","slug":"parque-solar-do-luau-entra-na-fase-final-de-execucao-no-moxico-leste","status":"publish","type":"post","link":"https:\/\/www.radiomais.ao\/index.php\/2026\/02\/23\/parque-solar-do-luau-entra-na-fase-final-de-execucao-no-moxico-leste\/","title":{"rendered":"Parque Solar do Luau entra na fase final de execu\u00e7\u00e3o no Moxico-Leste."},"content":{"rendered":"\n<p>O Executivo angolano, atrav\u00e9s do Minist\u00e9rio da Energia e \u00c1guas, encontra-se na fase final de implementa\u00e7\u00e3o do Parque Solar Fotovoltaico do Luau, um projecto estruturante que promete transformar o panorama energ\u00e9tico no munic\u00edpio do Luau, prov\u00edncia do Moxico Leste.<\/p>\n\n\n\n<p>Segundo uma nota do Minist\u00e9rio da Energia e \u00c1guas enviada hoje ao Jornal OPA\u00cdS, o programa est\u00e1 inserido na estrat\u00e9gia nacional de expans\u00e3o e diversifica\u00e7\u00e3o da matriz energ\u00e9tica.<\/p>\n\n\n\n<p>O empreendimento conta com uma capacidade instalada de 32,20 megawatts-pico (MWp) e um sistema de armazenamento em baterias com capacidade de 79,77 megawatts-hora (MWh). A central integra cerca de 55 mil pain\u00e9is solares, assegurando produ\u00e7\u00e3o e armazenamento de energia suficiente para garantir fornecimento cont\u00ednuo ao munic\u00edpio.<\/p>\n\n\n\n<p>Em paralelo \u00e0 constru\u00e7\u00e3o da infra-estrutura, decorrem trabalhos para a realiza\u00e7\u00e3o de aproximadamente 20 mil liga\u00e7\u00f5es domicili\u00e1rias, iniciativa que permitir\u00e1 levar energia el\u00e9ctrica a mais de 100 mil habitantes da regi\u00e3o, ampliando significativamente o acesso a servi\u00e7os b\u00e1sicos e impulsionando o desenvolvimento local.<\/p>\n\n\n\n<p>De acordo com o Executivo, o investimento enquadra-se na pol\u00edtica governamental de promo\u00e7\u00e3o das energias renov\u00e1veis e redu\u00e7\u00e3o da depend\u00eancia de combust\u00edveis f\u00f3sseis. Ler mais em <strong><em><a href=\"https:\/\/www.opais.ao\/ultimas_hora\/parque-solar-do-luau-entra-na-fase-final-de-execucao-no-moxico-leste\/\">Opa\u00eds<\/a><\/em><\/strong><\/p>\n","protected":false},"excerpt":{"rendered":"<p>O Executivo angolano, atrav\u00e9s do Minist\u00e9rio da Energia e \u00c1guas, encontra-se na fase final de implementa\u00e7\u00e3o do Parque Solar Fotovoltaico do Luau, um projecto estruturante que promete transformar o panorama energ\u00e9tico no munic\u00edpio do Luau, prov\u00edncia do Moxico Leste. Segundo uma nota do Minist\u00e9rio da Energia e \u00c1guas enviada hoje ao Jornal OPA\u00cdS, o programa [&hellip;]<\/p>\n","protected":false},"author":3,"featured_media":5101,"comment_status":"open","ping_status":"open","sticky":false,"template":"","format":"standard","meta":{"footnotes":""},"categories":[16],"tags":[2158],"class_list":["post-5100","post","type-post","status-publish","format-standard","has-post-thumbnail","hentry","category-actualidade","tag-parque-solar-do-luau"],"blocksy_meta":[],"_links":{"self":[{"href":"https:\/\/www.radiomais.ao\/index.php\/wp-json\/wp\/v2\/posts\/5100","targetHints":{"allow":["GET"]}}],"collection":[{"href":"https:\/\/www.radiomais.ao\/index.php\/wp-json\/wp\/v2\/posts"}],"about":[{"href":"https:\/\/www.radiomais.ao\/index.php\/wp-json\/wp\/v2\/types\/post"}],"author":[{"embeddable":true,"href":"https:\/\/www.radiomais.ao\/index.php\/wp-json\/wp\/v2\/users\/3"}],"replies":[{"embeddable":true,"href":"https:\/\/www.radiomais.ao\/index.php\/wp-json\/wp\/v2\/comments?post=5100"}],"version-history":[{"count":1,"href":"https:\/\/www.radiomais.ao\/index.php\/wp-json\/wp\/v2\/posts\/5100\/revisions"}],"predecessor-version":[{"id":5102,"href":"https:\/\/www.radiomais.ao\/index.php\/wp-json\/wp\/v2\/posts\/5100\/revisions\/5102"}],"wp:featuredmedia":[{"embeddable":true,"href":"https:\/\/www.radiomais.ao\/index.php\/wp-json\/wp\/v2\/media\/5101"}],"wp:attachment":[{"href":"https:\/\/www.radiomais.ao\/index.php\/wp-json\/wp\/v2\/media?parent=5100"}],"wp:term":[{"taxonomy":"category","embeddable":true,"href":"https:\/\/www.radiomais.ao\/index.php\/wp-json\/wp\/v2\/categories?post=5100"},{"taxonomy":"post_tag","embeddable":true,"href":"https:\/\/www.radiomais.ao\/index.php\/wp-json\/wp\/v2\/tags?post=5100"}],"curies":[{"name":"wp","href":"https:\/\/api.w.org\/{rel}","templated":true}]}}