{"id":5103,"date":"2026-02-23T11:01:23","date_gmt":"2026-02-23T10:01:23","guid":{"rendered":"https:\/\/www.radiomais.ao\/?p=5103"},"modified":"2026-02-23T11:01:40","modified_gmt":"2026-02-23T10:01:40","slug":"gpl-interdita-parcialmente-avenida-fidel-castro-ruz-para-instalacao-de-pedonal","status":"publish","type":"post","link":"https:\/\/www.radiomais.ao\/index.php\/2026\/02\/23\/gpl-interdita-parcialmente-avenida-fidel-castro-ruz-para-instalacao-de-pedonal\/","title":{"rendered":"GPL interdita parcialmente Avenida Fidel Castro Ruz para instala\u00e7\u00e3o de pedonal."},"content":{"rendered":"\n<p>O Governo Provincial de Luanda anunciou a interdi\u00e7\u00e3o tempor\u00e1ria parcial da Avenida Fidel Castro Ruz (via expressa), na noite desta Segunda-feira, 23 de Fevereiro, para a realiza\u00e7\u00e3o de trabalhos de melhoria da mobilidade e refor\u00e7o da seguran\u00e7a rodovi\u00e1ria.<\/p>\n\n\n\n<p>De acordo com o comunicado enviado , a interven\u00e7\u00e3o consiste na instala\u00e7\u00e3o de uma passadeira pedonal junto ao supermercado Shoprite. Os trabalhos ter\u00e3o in\u00edcio \u00e0s 22h00 e dever\u00e3o decorrer at\u00e9 \u00e0s 05h00 de Ter\u00e7a-feira, 24 de Fevereiro.<\/p>\n\n\n\n<p>A interdi\u00e7\u00e3o abranger\u00e1 ambos os sentidos da via. No percurso Norte\/Sul, o condicionamento ser\u00e1 aplicado desde o retorno de acesso ao Cabolombo at\u00e9 \u00e0 EN 100 Sul. J\u00e1 no sentido Sul\/Norte, a limita\u00e7\u00e3o estende-se desde o entroncamento da EN 100 Sul com a Avenida Fidel Castro Ruz at\u00e9 ao retorno de acesso ao Cabolombo.<\/p>\n\n\n\n<p>Para minimizar os constrangimentos \u00e0 circula\u00e7\u00e3o, as autoridades indicam alternativas. No sentido Norte\/Sul, os automobilistas dever\u00e3o utilizar a Estrada do Patriota, passando pela Ponte Molhada, at\u00e9 \u00e0 EN 100 Sul. No trajecto Sul\/Norte, a orienta\u00e7\u00e3o \u00e9 seguir pela EN 100 Sul at\u00e9 ao entroncamento com a Rua da Dona Xepa, passando pelo Patriota, com posterior acesso \u00e0 Avenida Fidel Castro Ruz.<\/p>\n","protected":false},"excerpt":{"rendered":"<p>O Governo Provincial de Luanda anunciou a interdi\u00e7\u00e3o tempor\u00e1ria parcial da Avenida Fidel Castro Ruz (via expressa), na noite desta Segunda-feira, 23 de Fevereiro, para a realiza\u00e7\u00e3o de trabalhos de melhoria da mobilidade e refor\u00e7o da seguran\u00e7a rodovi\u00e1ria. De acordo com o comunicado enviado , a interven\u00e7\u00e3o consiste na instala\u00e7\u00e3o de uma passadeira pedonal junto [&hellip;]<\/p>\n","protected":false},"author":3,"featured_media":5104,"comment_status":"open","ping_status":"open","sticky":false,"template":"","format":"standard","meta":{"footnotes":""},"categories":[16],"tags":[2160,2159],"class_list":["post-5103","post","type-post","status-publish","format-standard","has-post-thumbnail","hentry","category-actualidade","tag-interdita","tag-via-expressa"],"blocksy_meta":[],"_links":{"self":[{"href":"https:\/\/www.radiomais.ao\/index.php\/wp-json\/wp\/v2\/posts\/5103","targetHints":{"allow":["GET"]}}],"collection":[{"href":"https:\/\/www.radiomais.ao\/index.php\/wp-json\/wp\/v2\/posts"}],"about":[{"href":"https:\/\/www.radiomais.ao\/index.php\/wp-json\/wp\/v2\/types\/post"}],"author":[{"embeddable":true,"href":"https:\/\/www.radiomais.ao\/index.php\/wp-json\/wp\/v2\/users\/3"}],"replies":[{"embeddable":true,"href":"https:\/\/www.radiomais.ao\/index.php\/wp-json\/wp\/v2\/comments?post=5103"}],"version-history":[{"count":2,"href":"https:\/\/www.radiomais.ao\/index.php\/wp-json\/wp\/v2\/posts\/5103\/revisions"}],"predecessor-version":[{"id":5106,"href":"https:\/\/www.radiomais.ao\/index.php\/wp-json\/wp\/v2\/posts\/5103\/revisions\/5106"}],"wp:featuredmedia":[{"embeddable":true,"href":"https:\/\/www.radiomais.ao\/index.php\/wp-json\/wp\/v2\/media\/5104"}],"wp:attachment":[{"href":"https:\/\/www.radiomais.ao\/index.php\/wp-json\/wp\/v2\/media?parent=5103"}],"wp:term":[{"taxonomy":"category","embeddable":true,"href":"https:\/\/www.radiomais.ao\/index.php\/wp-json\/wp\/v2\/categories?post=5103"},{"taxonomy":"post_tag","embeddable":true,"href":"https:\/\/www.radiomais.ao\/index.php\/wp-json\/wp\/v2\/tags?post=5103"}],"curies":[{"name":"wp","href":"https:\/\/api.w.org\/{rel}","templated":true}]}}