{"id":5107,"date":"2026-02-23T11:16:24","date_gmt":"2026-02-23T10:16:24","guid":{"rendered":"https:\/\/www.radiomais.ao\/?p=5107"},"modified":"2026-02-23T11:16:24","modified_gmt":"2026-02-23T10:16:24","slug":"fundacao-brilhante-reforca-combate-a-colera-no-leste-do-pais-com-doacao-de-13-toneladas-de-medicamentos","status":"publish","type":"post","link":"https:\/\/www.radiomais.ao\/index.php\/2026\/02\/23\/fundacao-brilhante-reforca-combate-a-colera-no-leste-do-pais-com-doacao-de-13-toneladas-de-medicamentos\/","title":{"rendered":"Funda\u00e7\u00e3o Brilhante refor\u00e7a combate \u00e0 c\u00f3lera no leste do pa\u00eds com doa\u00e7\u00e3o de 13 toneladas de medicamentos."},"content":{"rendered":"\n<p>A Funda\u00e7\u00e3o Brilhante entregou, nos dias 19 e 20 deste m\u00eas, um total de 13 toneladas de f\u00e1rmacos \u00e0s autoridades sanit\u00e1rias das prov\u00edncias do Moxico e do Moxico Leste, no quadro do seu programa de responsabilidade social e em apoio \u00e0 campanha de combate \u00e0 c\u00f3lera e outras doen\u00e7as na regi\u00e3o Leste de Angola.<\/p>\n\n\n\n<p>Do volume global doado, cinco toneladas foram encaminhadas para o Moxico Leste, enquanto oito toneladas foram destinadas ao Moxico, refor\u00e7ando a capacidade de resposta das unidades hospitalares locais face ao actual cen\u00e1rio epidemiol\u00f3gico.<\/p>\n\n\n\n<p>A cerim\u00f3nia de entrega no Moxico Leste decorreu a 19 de Fevereiro e contou com a presen\u00e7a do governador provincial do Moxico, Crispiniano dos Santos, que destacou a relev\u00e2ncia da coopera\u00e7\u00e3o entre institui\u00e7\u00f5es para o fortalecimento do sistema de sa\u00fade e preven\u00e7\u00e3o de surtos.<\/p>\n\n\n\n<p>No dia seguinte, 20 de Fevereiro, as oito toneladas dirigidas ao Moxico foram oficialmente entregues no Centro Materno-Infantil Gl\u00f3ria Masseca, na cidade do Luena, num acto que foi testemunhado pela vice-governadora provincial, Elizabeth Ayala, que enalteceu o contributo da Funda\u00e7\u00e3o para a melhoria da assist\u00eancia m\u00e9dica \u00e0s popula\u00e7\u00f5es.<\/p>\n\n\n\n<p>A doa\u00e7\u00e3o enquadra-se no programa Sa\u00fade Brilhante, lan\u00e7ado a 12 de Fevereiro na prov\u00edncia da Lunda-Norte, iniciativa que visa promover interven\u00e7\u00f5es estruturadas e sustent\u00e1veis no sector da sa\u00fade.<\/p>\n\n\n\n<p>Na ocasi\u00e3o, a direc\u00e7\u00e3o da Funda\u00e7\u00e3o apelou aos seus curadores e parceiros para que mantenham o apoio cont\u00ednuo \u00e0s ac\u00e7\u00f5es da institui\u00e7\u00e3o, de modo a garantir o cumprimento dos objectivos anuais e o alargamento do impacto social. Ler mais em <strong><em><a href=\"https:\/\/www.opais.ao\/ultimas_hora\/fundacao-brilhante-reforca-combate-a-colera-no-leste-do-pais-com-doacao-de-13-toneladas-de-medicamentos\/\">Opa\u00eds<\/a><\/em><\/strong><\/p>\n","protected":false},"excerpt":{"rendered":"<p>A Funda\u00e7\u00e3o Brilhante entregou, nos dias 19 e 20 deste m\u00eas, um total de 13 toneladas de f\u00e1rmacos \u00e0s autoridades sanit\u00e1rias das prov\u00edncias do Moxico e do Moxico Leste, no quadro do seu programa de responsabilidade social e em apoio \u00e0 campanha de combate \u00e0 c\u00f3lera e outras doen\u00e7as na regi\u00e3o Leste de Angola. Do [&hellip;]<\/p>\n","protected":false},"author":3,"featured_media":5108,"comment_status":"open","ping_status":"open","sticky":false,"template":"","format":"standard","meta":{"footnotes":""},"categories":[16],"tags":[2161,2162],"class_list":["post-5107","post","type-post","status-publish","format-standard","has-post-thumbnail","hentry","category-actualidade","tag-13-toneladas-de-medicamentos","tag-doacao-fundacao-brilhante"],"blocksy_meta":[],"_links":{"self":[{"href":"https:\/\/www.radiomais.ao\/index.php\/wp-json\/wp\/v2\/posts\/5107","targetHints":{"allow":["GET"]}}],"collection":[{"href":"https:\/\/www.radiomais.ao\/index.php\/wp-json\/wp\/v2\/posts"}],"about":[{"href":"https:\/\/www.radiomais.ao\/index.php\/wp-json\/wp\/v2\/types\/post"}],"author":[{"embeddable":true,"href":"https:\/\/www.radiomais.ao\/index.php\/wp-json\/wp\/v2\/users\/3"}],"replies":[{"embeddable":true,"href":"https:\/\/www.radiomais.ao\/index.php\/wp-json\/wp\/v2\/comments?post=5107"}],"version-history":[{"count":1,"href":"https:\/\/www.radiomais.ao\/index.php\/wp-json\/wp\/v2\/posts\/5107\/revisions"}],"predecessor-version":[{"id":5109,"href":"https:\/\/www.radiomais.ao\/index.php\/wp-json\/wp\/v2\/posts\/5107\/revisions\/5109"}],"wp:featuredmedia":[{"embeddable":true,"href":"https:\/\/www.radiomais.ao\/index.php\/wp-json\/wp\/v2\/media\/5108"}],"wp:attachment":[{"href":"https:\/\/www.radiomais.ao\/index.php\/wp-json\/wp\/v2\/media?parent=5107"}],"wp:term":[{"taxonomy":"category","embeddable":true,"href":"https:\/\/www.radiomais.ao\/index.php\/wp-json\/wp\/v2\/categories?post=5107"},{"taxonomy":"post_tag","embeddable":true,"href":"https:\/\/www.radiomais.ao\/index.php\/wp-json\/wp\/v2\/tags?post=5107"}],"curies":[{"name":"wp","href":"https:\/\/api.w.org\/{rel}","templated":true}]}}