{"id":5110,"date":"2026-02-23T11:21:57","date_gmt":"2026-02-23T10:21:57","guid":{"rendered":"https:\/\/www.radiomais.ao\/?p=5110"},"modified":"2026-02-23T14:52:13","modified_gmt":"2026-02-23T13:52:13","slug":"activistas-queixam-se-da-pn-e-ministro-do-interior-adverte-para-cumprimento-de-procedimentos","status":"publish","type":"post","link":"https:\/\/www.radiomais.ao\/index.php\/2026\/02\/23\/activistas-queixam-se-da-pn-e-ministro-do-interior-adverte-para-cumprimento-de-procedimentos\/","title":{"rendered":"Activistas queixam-se da PN e ministro do Interior adverte para cumprimento de procedimentos."},"content":{"rendered":"\n<p><strong>Alguns activistas em Benguela, recentemente, \u2018apontaram o dedo\u2019 \u00e0 Pol\u00edcia Nacional com o argumento de que aquele \u00f3rg\u00e3o do Minist\u00e9rio do Interior teria violado o direito \u00e0 manifesta\u00e7\u00e3o, consagrado constitucionalmente. Entretanto, o titular desse departamento ministerial, Manuel Homem, advertiu, no Lobito, que, mais do que acusar a Pol\u00edcia Nacional, se afigura importante o cumprimento de procedimentos legais, quando algu\u00e9m se propuser a manifestar<\/strong>.<\/p>\n\n\n\n<p>Activistas em Benguela, com Dino Calei \u00e0 cabe\u00e7a, acusaram, recentemente, num contacto com este jornal, a Pol\u00edcia Nacional de lhes estar a vedar o direito \u00e0 manifesta\u00e7\u00e3o.<\/p>\n\n\n\n<p>O grupo de activistas diz ter sido impedido do exerc\u00edcio de manifesta\u00e7\u00e3o contra a morosidade processual da Urbaniza\u00e7\u00e3o Ac\u00e1cias, no munic\u00edpio dos Navegantes. Para eles, n\u00e3o faz sentido ter um projecto habitacional arrestado pela Procuradoria-Geral da Rep\u00fablica desde 2020, quando muita gente, na prov\u00edncia, se tem debatido com falta de casa.<\/p>\n\n\n\n<p>Dino Calei, que fala em degrada\u00e7\u00e3o do im\u00f3vel, por estar votado ao abandono, acusou a Pol\u00edcia Nacional de persegui\u00e7\u00e3o. O ministro do Interior, Manuel Homem, salienta, respondendo a uma quest\u00e3o deste jornal, que, mais do que acusar a Pol\u00edcia Nacional, se afigura como que fundamental que os cidad\u00e3os, quando manifestam o desejo de exerc\u00edcio do direito \u00e0 manifesta\u00e7\u00e3o, cumpram com todos os procedimentos, na base daquilo que a lei estabelece. Ler mais <strong><em><a href=\"https:\/\/www.opais.ao\/ultimas_hora\/activistas-queixam-se-da-pn-e-ministro-do-interior-adverte-para-cumprimento-de-procedimentos\/\">Opa\u00eds<\/a><\/em><\/strong><\/p>\n","protected":false},"excerpt":{"rendered":"<p>Alguns activistas em Benguela, recentemente, \u2018apontaram o dedo\u2019 \u00e0 Pol\u00edcia Nacional com o argumento de que aquele \u00f3rg\u00e3o do Minist\u00e9rio do Interior teria violado o direito \u00e0 manifesta\u00e7\u00e3o, consagrado constitucionalmente. Entretanto, o titular desse departamento ministerial, Manuel Homem, advertiu, no Lobito, que, mais do que acusar a Pol\u00edcia Nacional, se afigura importante o cumprimento de [&hellip;]<\/p>\n","protected":false},"author":3,"featured_media":5111,"comment_status":"open","ping_status":"open","sticky":false,"template":"","format":"standard","meta":{"footnotes":""},"categories":[],"tags":[2163,2164],"class_list":["post-5110","post","type-post","status-publish","format-standard","has-post-thumbnail","hentry","tag-activistas-queixam-se-da-pn","tag-ministro-do-interior-adverte"],"blocksy_meta":[],"_links":{"self":[{"href":"https:\/\/www.radiomais.ao\/index.php\/wp-json\/wp\/v2\/posts\/5110","targetHints":{"allow":["GET"]}}],"collection":[{"href":"https:\/\/www.radiomais.ao\/index.php\/wp-json\/wp\/v2\/posts"}],"about":[{"href":"https:\/\/www.radiomais.ao\/index.php\/wp-json\/wp\/v2\/types\/post"}],"author":[{"embeddable":true,"href":"https:\/\/www.radiomais.ao\/index.php\/wp-json\/wp\/v2\/users\/3"}],"replies":[{"embeddable":true,"href":"https:\/\/www.radiomais.ao\/index.php\/wp-json\/wp\/v2\/comments?post=5110"}],"version-history":[{"count":1,"href":"https:\/\/www.radiomais.ao\/index.php\/wp-json\/wp\/v2\/posts\/5110\/revisions"}],"predecessor-version":[{"id":5112,"href":"https:\/\/www.radiomais.ao\/index.php\/wp-json\/wp\/v2\/posts\/5110\/revisions\/5112"}],"wp:featuredmedia":[{"embeddable":true,"href":"https:\/\/www.radiomais.ao\/index.php\/wp-json\/wp\/v2\/media\/5111"}],"wp:attachment":[{"href":"https:\/\/www.radiomais.ao\/index.php\/wp-json\/wp\/v2\/media?parent=5110"}],"wp:term":[{"taxonomy":"category","embeddable":true,"href":"https:\/\/www.radiomais.ao\/index.php\/wp-json\/wp\/v2\/categories?post=5110"},{"taxonomy":"post_tag","embeddable":true,"href":"https:\/\/www.radiomais.ao\/index.php\/wp-json\/wp\/v2\/tags?post=5110"}],"curies":[{"name":"wp","href":"https:\/\/api.w.org\/{rel}","templated":true}]}}