{"id":5113,"date":"2026-02-23T11:25:40","date_gmt":"2026-02-23T10:25:40","guid":{"rendered":"https:\/\/www.radiomais.ao\/?p=5113"},"modified":"2026-02-23T11:25:40","modified_gmt":"2026-02-23T10:25:40","slug":"tete-antonio-em-genebra-para-sessao-do-conselho-de-direitos-humanos-da-onu","status":"publish","type":"post","link":"https:\/\/www.radiomais.ao\/index.php\/2026\/02\/23\/tete-antonio-em-genebra-para-sessao-do-conselho-de-direitos-humanos-da-onu\/","title":{"rendered":"T\u00e9te Ant\u00f3nio em Genebra para Sess\u00e3o do Conselho de Direitos Humanos da ONU."},"content":{"rendered":"\n<p>O ministro das Rela\u00e7\u00f5es Exteriores, T\u00e9te Ant\u00f3nio, chegou na madrugada desta Segunda-feira \u00e0 cidade de Genebra, onde participa, de 23 a 24 de Fevereiro, no Segmento de Alto N\u00edvel da 61.\u00aa Sess\u00e3o do Conselho de Direitos Humanos das Na\u00e7\u00f5es Unidas.<\/p>\n\n\n\n<p>\u00c0 chegada ao Aeroporto Internacional de Genebra, o chefe da diplomacia angolana foi recebido pela embaixadora de Angola na Su\u00ed\u00e7a, Filomena Delgado, e pela representante permanente de Angola junto do Escrit\u00f3rio das Na\u00e7\u00f5es Unidas e outras Organiza\u00e7\u00f5es Internacionais em Genebra, Ana Maria de Oliveira.<\/p>\n\n\n\n<p>O Segmento de Alto N\u00edvel re\u00fane Chefes de Estado e de Governo, ministros das Rela\u00e7\u00f5es Exteriores e altos respons\u00e1veis de organiza\u00e7\u00f5es internacionais, com o objectivo de refor\u00e7ar o di\u00e1logo multilateral sobre a promo\u00e7\u00e3o e protec\u00e7\u00e3o dos direitos humanos, avaliar resolu\u00e7\u00f5es anteriores e debater desafios globais emergentes, incluindo consolida\u00e7\u00e3o da paz, impacto das altera\u00e7\u00f5es clim\u00e1ticas, igualdade de g\u00e9nero, combate ao racismo e fortalecimento da coopera\u00e7\u00e3o t\u00e9cnica entre Estados.<\/p>\n\n\n\n<p>Segundo o Minist\u00e9rio das Rela\u00e7\u00f5es Exteriores, a participa\u00e7\u00e3o de Angola reafirma o seu papel activo no sistema multilateral e o compromisso com a defesa e promo\u00e7\u00e3o dos direitos humanos a n\u00edvel regional e global.<\/p>\n","protected":false},"excerpt":{"rendered":"<p>O ministro das Rela\u00e7\u00f5es Exteriores, T\u00e9te Ant\u00f3nio, chegou na madrugada desta Segunda-feira \u00e0 cidade de Genebra, onde participa, de 23 a 24 de Fevereiro, no Segmento de Alto N\u00edvel da 61.\u00aa Sess\u00e3o do Conselho de Direitos Humanos das Na\u00e7\u00f5es Unidas. \u00c0 chegada ao Aeroporto Internacional de Genebra, o chefe da diplomacia angolana foi recebido pela [&hellip;]<\/p>\n","protected":false},"author":3,"featured_media":5114,"comment_status":"open","ping_status":"open","sticky":false,"template":"","format":"standard","meta":{"footnotes":""},"categories":[16],"tags":[2165],"class_list":["post-5113","post","type-post","status-publish","format-standard","has-post-thumbnail","hentry","category-actualidade","tag-tete-antonio-em-genebra"],"blocksy_meta":[],"_links":{"self":[{"href":"https:\/\/www.radiomais.ao\/index.php\/wp-json\/wp\/v2\/posts\/5113","targetHints":{"allow":["GET"]}}],"collection":[{"href":"https:\/\/www.radiomais.ao\/index.php\/wp-json\/wp\/v2\/posts"}],"about":[{"href":"https:\/\/www.radiomais.ao\/index.php\/wp-json\/wp\/v2\/types\/post"}],"author":[{"embeddable":true,"href":"https:\/\/www.radiomais.ao\/index.php\/wp-json\/wp\/v2\/users\/3"}],"replies":[{"embeddable":true,"href":"https:\/\/www.radiomais.ao\/index.php\/wp-json\/wp\/v2\/comments?post=5113"}],"version-history":[{"count":1,"href":"https:\/\/www.radiomais.ao\/index.php\/wp-json\/wp\/v2\/posts\/5113\/revisions"}],"predecessor-version":[{"id":5115,"href":"https:\/\/www.radiomais.ao\/index.php\/wp-json\/wp\/v2\/posts\/5113\/revisions\/5115"}],"wp:featuredmedia":[{"embeddable":true,"href":"https:\/\/www.radiomais.ao\/index.php\/wp-json\/wp\/v2\/media\/5114"}],"wp:attachment":[{"href":"https:\/\/www.radiomais.ao\/index.php\/wp-json\/wp\/v2\/media?parent=5113"}],"wp:term":[{"taxonomy":"category","embeddable":true,"href":"https:\/\/www.radiomais.ao\/index.php\/wp-json\/wp\/v2\/categories?post=5113"},{"taxonomy":"post_tag","embeddable":true,"href":"https:\/\/www.radiomais.ao\/index.php\/wp-json\/wp\/v2\/tags?post=5113"}],"curies":[{"name":"wp","href":"https:\/\/api.w.org\/{rel}","templated":true}]}}