{"id":5116,"date":"2026-02-23T11:31:00","date_gmt":"2026-02-23T10:31:00","guid":{"rendered":"https:\/\/www.radiomais.ao\/?p=5116"},"modified":"2026-02-23T11:31:00","modified_gmt":"2026-02-23T10:31:00","slug":"estadio-nacional-daniel-cassoma-lutucuta-sera-inaugurado-nesta-quinta-feira","status":"publish","type":"post","link":"https:\/\/www.radiomais.ao\/index.php\/2026\/02\/23\/estadio-nacional-daniel-cassoma-lutucuta-sera-inaugurado-nesta-quinta-feira\/","title":{"rendered":"Est\u00e1dio Nacional \u201cDaniel Cassoma Lutucuta\u201d ser\u00e1 inaugurado nesta Quinta-feira"},"content":{"rendered":"\n<p><strong>O recinto, com capacidade para dez mil espectadores, est\u00e1 localizado no bairro das Cacilhas, na prov\u00edncia do Huambo, ser\u00e1 inaugurado nesta Quinta-feira, 26, de acordo com uma fonte<\/strong>.<\/p>\n\n\n\n<p>A mesma fonte n\u00e3o avan\u00e7ou o nome do dirigente que ir\u00e1 fazer o corte da fita, tendo garantido que as condi\u00e7\u00f5es est\u00e3o criadas para o acto de inaugura\u00e7\u00e3o.<\/p>\n\n\n\n<p>Em declara\u00e7\u00f5es \u00e0 imprensa, no dia 10 deste m\u00eas, ap\u00f3s avaliar o grau de execu\u00e7\u00e3o das obras, o secret\u00e1rio de Estado para o Desporto, Paulo Madeira, disse que a infra-estrutura desportiva re\u00fane todas as condi\u00e7\u00f5es t\u00e9cnicas para ser colocado \u00e0 disposi\u00e7\u00e3o da popula\u00e7\u00e3o no final deste m\u00eas, visto que se encontra na fase final da constru\u00e7\u00e3o, com uma capacidade para 10 mil espectadores.<\/p>\n\n\n\n<p>Paulo Madeira afirmou que o Est\u00e1dio Nacional \u201cDaniel Cassoma Lutucuta\u201d disp\u00f5e de relva natural \u00e0 pr\u00e1tica do futebol, pista de atletismo com pavimento de alto desempenho em tartan, bem como condi\u00e7\u00f5es para a realiza\u00e7\u00e3o de outras modalidades desportivas.<\/p>\n\n\n\n<p>Durante a visita, Paulo Madeira percorreu as diversas instala\u00e7\u00f5es do recinto desportivo, tendo recebido esclarecimentos pormenorizados sobre o progresso das obras, que visam refor\u00e7ar a infraestrutura desportiva da prov\u00edncia e criar melhores condi\u00e7\u00f5es para a pr\u00e1tica do desporto. Ler mais em <strong><em><a href=\"https:\/\/www.opais.ao\/desporto\/estadio-nacional-daniel-cassoma-lutucuta-sera-inaugurado-nesta-quinta-feira\/\">Opa\u00eds<\/a><\/em><\/strong><\/p>\n","protected":false},"excerpt":{"rendered":"<p>O recinto, com capacidade para dez mil espectadores, est\u00e1 localizado no bairro das Cacilhas, na prov\u00edncia do Huambo, ser\u00e1 inaugurado nesta Quinta-feira, 26, de acordo com uma fonte. A mesma fonte n\u00e3o avan\u00e7ou o nome do dirigente que ir\u00e1 fazer o corte da fita, tendo garantido que as condi\u00e7\u00f5es est\u00e3o criadas para o acto de [&hellip;]<\/p>\n","protected":false},"author":3,"featured_media":5117,"comment_status":"open","ping_status":"open","sticky":false,"template":"","format":"standard","meta":{"footnotes":""},"categories":[16],"tags":[2166,2167],"class_list":["post-5116","post","type-post","status-publish","format-standard","has-post-thumbnail","hentry","category-actualidade","tag-estadio-nacional","tag-inaugurado"],"blocksy_meta":[],"_links":{"self":[{"href":"https:\/\/www.radiomais.ao\/index.php\/wp-json\/wp\/v2\/posts\/5116","targetHints":{"allow":["GET"]}}],"collection":[{"href":"https:\/\/www.radiomais.ao\/index.php\/wp-json\/wp\/v2\/posts"}],"about":[{"href":"https:\/\/www.radiomais.ao\/index.php\/wp-json\/wp\/v2\/types\/post"}],"author":[{"embeddable":true,"href":"https:\/\/www.radiomais.ao\/index.php\/wp-json\/wp\/v2\/users\/3"}],"replies":[{"embeddable":true,"href":"https:\/\/www.radiomais.ao\/index.php\/wp-json\/wp\/v2\/comments?post=5116"}],"version-history":[{"count":1,"href":"https:\/\/www.radiomais.ao\/index.php\/wp-json\/wp\/v2\/posts\/5116\/revisions"}],"predecessor-version":[{"id":5118,"href":"https:\/\/www.radiomais.ao\/index.php\/wp-json\/wp\/v2\/posts\/5116\/revisions\/5118"}],"wp:featuredmedia":[{"embeddable":true,"href":"https:\/\/www.radiomais.ao\/index.php\/wp-json\/wp\/v2\/media\/5117"}],"wp:attachment":[{"href":"https:\/\/www.radiomais.ao\/index.php\/wp-json\/wp\/v2\/media?parent=5116"}],"wp:term":[{"taxonomy":"category","embeddable":true,"href":"https:\/\/www.radiomais.ao\/index.php\/wp-json\/wp\/v2\/categories?post=5116"},{"taxonomy":"post_tag","embeddable":true,"href":"https:\/\/www.radiomais.ao\/index.php\/wp-json\/wp\/v2\/tags?post=5116"}],"curies":[{"name":"wp","href":"https:\/\/api.w.org\/{rel}","templated":true}]}}