{"id":5142,"date":"2026-02-24T10:06:55","date_gmt":"2026-02-24T09:06:55","guid":{"rendered":"https:\/\/www.radiomais.ao\/?p=5142"},"modified":"2026-02-24T10:06:55","modified_gmt":"2026-02-24T09:06:55","slug":"angola-participa-no-segmento-de-alto-nivel-da-61-a-sessao-do-conselho-dos-direitos-humanos-da-onu","status":"publish","type":"post","link":"https:\/\/www.radiomais.ao\/index.php\/2026\/02\/24\/angola-participa-no-segmento-de-alto-nivel-da-61-a-sessao-do-conselho-dos-direitos-humanos-da-onu\/","title":{"rendered":"Angola participa no Segmento de Alto N\u00edvel da 61.\u00aa Sess\u00e3o do Conselho dos Direitos Humanos da ONU."},"content":{"rendered":"\n<p><strong>A cidade de Genebra acolheu, ontem, Segunda-feira, 23, um Segmento de Alto N\u00edvel da 61.\u00aa Sess\u00e3o do Conselho de Direitos Humanos das Na\u00e7\u00f5es Unidas, que reuniu Chefes de Estado, ministros e altos respons\u00e1veis de organiza\u00e7\u00f5es internacionais<\/strong><\/p>\n\n\n\n<p>O encontro visa refor\u00e7ar o di\u00e1logo multilateral sobre a promo\u00e7\u00e3o e protec\u00e7\u00e3o dos direitos humanos, avaliar a implementa\u00e7\u00e3o de resolu\u00e7\u00f5es anteriormente adoptadas e debater desafios globais emergentes no dom\u00ednio dos direitos fundamentais. A delega\u00e7\u00e3o angolana \u00e9 chefiada pelo ministro das Rela\u00e7\u00f5es Exteriores, T\u00e9te Ant\u00f3nio, e integra a secret\u00e1ria de Estado para os Direitos Humanos, Ant\u00f3nia da Cruz Yaba, a directora para os Assuntos Multilaterais do MIREX, Sara Silva, e a representante permanente de Angola junto do Escrit\u00f3rio das Na\u00e7\u00f5es Unidas em Genebra, Ana Maria de Oliveira.<\/p>\n\n\n\n<p>A sess\u00e3o de abertura contou com as interven\u00e7\u00f5es do presidente do Conselho dos Direitos Humanos, Sidharto Reza Suryodipuro, do secret\u00e1rio-geral da ONU, Ant\u00f3nio Guterres, da presidente da Assembleia-Geral das Na\u00e7\u00f5es Unidas, Annalena Baerbock, do alto-comiss\u00e1rio da ONU para os Direitos Humanos, Volker T\u00fcrk, e do ministro dos Neg\u00f3cios Estrangeiros da Confedera\u00e7\u00e3o Su\u00ed\u00e7a, Ignazio Cassis, na qualidade de pa\u00eds anfitri\u00e3o.<\/p>\n\n\n\n<p>A presen\u00e7a de Angola neste f\u00f3rum internacional \u00e9 apresentada como sinal do compromisso do pa\u00eds com a promo\u00e7\u00e3o, protec\u00e7\u00e3o e defesa dos direitos humanos e, igualmente, permite destacar os progressos alcan\u00e7ados internamente, nomeadamente as reformas legislativas, o fortalecimento das institui\u00e7\u00f5es democr\u00e1ticas e a implementa\u00e7\u00e3o das pol\u00edticas sociais. Ler mais em <strong><em><a href=\"https:\/\/www.opais.ao\/politica\/angola-participa-no-segmento-de-alto-nivel-da-61-a-sessao-do-conselho-dos-direitos-humanos-da-onu\/\">Opa\u00eds<\/a><\/em><\/strong><\/p>\n","protected":false},"excerpt":{"rendered":"<p>A cidade de Genebra acolheu, ontem, Segunda-feira, 23, um Segmento de Alto N\u00edvel da 61.\u00aa Sess\u00e3o do Conselho de Direitos Humanos das Na\u00e7\u00f5es Unidas, que reuniu Chefes de Estado, ministros e altos respons\u00e1veis de organiza\u00e7\u00f5es internacionais O encontro visa refor\u00e7ar o di\u00e1logo multilateral sobre a promo\u00e7\u00e3o e protec\u00e7\u00e3o dos direitos humanos, avaliar a implementa\u00e7\u00e3o de [&hellip;]<\/p>\n","protected":false},"author":3,"featured_media":5143,"comment_status":"open","ping_status":"open","sticky":false,"template":"","format":"standard","meta":{"footnotes":""},"categories":[16],"tags":[2172],"class_list":["post-5142","post","type-post","status-publish","format-standard","has-post-thumbnail","hentry","category-actualidade","tag-segmento-de-alto-nivel-da-61-a-sessao-do-conselho-dos-direitos-humanos-da-onu"],"blocksy_meta":[],"_links":{"self":[{"href":"https:\/\/www.radiomais.ao\/index.php\/wp-json\/wp\/v2\/posts\/5142","targetHints":{"allow":["GET"]}}],"collection":[{"href":"https:\/\/www.radiomais.ao\/index.php\/wp-json\/wp\/v2\/posts"}],"about":[{"href":"https:\/\/www.radiomais.ao\/index.php\/wp-json\/wp\/v2\/types\/post"}],"author":[{"embeddable":true,"href":"https:\/\/www.radiomais.ao\/index.php\/wp-json\/wp\/v2\/users\/3"}],"replies":[{"embeddable":true,"href":"https:\/\/www.radiomais.ao\/index.php\/wp-json\/wp\/v2\/comments?post=5142"}],"version-history":[{"count":1,"href":"https:\/\/www.radiomais.ao\/index.php\/wp-json\/wp\/v2\/posts\/5142\/revisions"}],"predecessor-version":[{"id":5144,"href":"https:\/\/www.radiomais.ao\/index.php\/wp-json\/wp\/v2\/posts\/5142\/revisions\/5144"}],"wp:featuredmedia":[{"embeddable":true,"href":"https:\/\/www.radiomais.ao\/index.php\/wp-json\/wp\/v2\/media\/5143"}],"wp:attachment":[{"href":"https:\/\/www.radiomais.ao\/index.php\/wp-json\/wp\/v2\/media?parent=5142"}],"wp:term":[{"taxonomy":"category","embeddable":true,"href":"https:\/\/www.radiomais.ao\/index.php\/wp-json\/wp\/v2\/categories?post=5142"},{"taxonomy":"post_tag","embeddable":true,"href":"https:\/\/www.radiomais.ao\/index.php\/wp-json\/wp\/v2\/tags?post=5142"}],"curies":[{"name":"wp","href":"https:\/\/api.w.org\/{rel}","templated":true}]}}