{"id":5145,"date":"2026-02-24T10:13:31","date_gmt":"2026-02-24T09:13:31","guid":{"rendered":"https:\/\/www.radiomais.ao\/?p=5145"},"modified":"2026-02-24T10:13:31","modified_gmt":"2026-02-24T09:13:31","slug":"presidente-do-tribunal-constitucional-reforca-literacia-constitucional-na-huila","status":"publish","type":"post","link":"https:\/\/www.radiomais.ao\/index.php\/2026\/02\/24\/presidente-do-tribunal-constitucional-reforca-literacia-constitucional-na-huila\/","title":{"rendered":"Presidente do Tribunal Constitucional refor\u00e7a literacia constitucional na Hu\u00edla."},"content":{"rendered":"\n<p><strong>A presidente do Tribunal Constitucional, Laurinda Prazeres, afirmou, esta Segunda feira, no Lubango, prov\u00edncia da Hu\u00edla, que a desloca\u00e7\u00e3o da Corte \u00e0quela parcela do territ\u00f3rio nacional visa refor\u00e7ar a divulga\u00e7\u00e3o e a compreens\u00e3o da Constitui\u00e7\u00e3o da Rep\u00fablica junto dos cidad\u00e3os<\/strong>.<\/p>\n\n\n\n<p>A falar no encontro com membros do Governo Provincial, no \u00e2mbito das actividades do M\u00eas da Constitui\u00e7\u00e3o, assinalado em Fevereiro, a magistrada explicou que a iniciativa integra a estrat\u00e9gia anual do Tribunal de promover a literacia constitucional e aproximar a justi\u00e7a constitucional das comunidades.<\/p>\n\n\n\n<p>Laurinda Prazeres recordou que, apesar de o Tribunal ter sede em Luanda, a sua jurisdi\u00e7\u00e3o \u00e9 de \u00e2mbito nacional, raz\u00e3o pela qual tem promovido desloca\u00e7\u00f5es regulares \u00e0s diferentes prov\u00edncias.<\/p>\n\n\n\n<p>Segundo Prazeres, a presen\u00e7a na Hu\u00edla traduz o compromisso institucional de levar o conhecimento sobre a Lei Fundamental a todos os cidad\u00e3os, independentemente da sua localiza\u00e7\u00e3o geogr\u00e1fica.<\/p>\n\n\n\n<p><strong>\u201cOnjangos da Constitui\u00e7\u00e3o\u201d promovem di\u00e1logo comunit\u00e1rio<\/strong><\/p>\n\n\n\n<p>No quadro da visita, est\u00e3o a ser realizados os \u201cOnjangos da Constitui\u00e7\u00e3o\u201d nos munic\u00edpios dos Gambos e do Lubango. A iniciativa re\u00fane jovens, membros da sociedade civil e representantes de \u00f3rg\u00e3os do Estado em espa\u00e7os de di\u00e1logo destinados a explicar, de forma simples e acess\u00edvel, os direitos, deveres e princ\u00edpios estruturantes consagrados na Constitui\u00e7\u00e3o.<\/p>\n\n\n\n<p>A presidente do Tribunal sublinhou que a Constitui\u00e7\u00e3o n\u00e3o se limita \u00e0 consagra\u00e7\u00e3o de direitos fundamentais, abrangendo igualmente mat\u00e9rias como ambiente, fam\u00edlia, organiza\u00e7\u00e3o do Estado e promo\u00e7\u00e3o da paz, elementos que, segundo disse, devem ser conhecidos e apropriados pelos cidad\u00e3os. Ler mais em<strong><em><a href=\"https:\/\/www.opais.ao\/politica\/presidente-do-tribunal-constitucional-reforca-literacia-constitucional-na-huila\/\"> Opa\u00eds<\/a><\/em><\/strong><\/p>\n","protected":false},"excerpt":{"rendered":"<p>A presidente do Tribunal Constitucional, Laurinda Prazeres, afirmou, esta Segunda feira, no Lubango, prov\u00edncia da Hu\u00edla, que a desloca\u00e7\u00e3o da Corte \u00e0quela parcela do territ\u00f3rio nacional visa refor\u00e7ar a divulga\u00e7\u00e3o e a compreens\u00e3o da Constitui\u00e7\u00e3o da Rep\u00fablica junto dos cidad\u00e3os. A falar no encontro com membros do Governo Provincial, no \u00e2mbito das actividades do M\u00eas [&hellip;]<\/p>\n","protected":false},"author":3,"featured_media":5146,"comment_status":"open","ping_status":"open","sticky":false,"template":"","format":"standard","meta":{"footnotes":""},"categories":[16],"tags":[2173],"class_list":["post-5145","post","type-post","status-publish","format-standard","has-post-thumbnail","hentry","category-actualidade","tag-presidente-do-tribunal-constitucional-reforca-literacia-constitucional-na-huila"],"blocksy_meta":[],"_links":{"self":[{"href":"https:\/\/www.radiomais.ao\/index.php\/wp-json\/wp\/v2\/posts\/5145","targetHints":{"allow":["GET"]}}],"collection":[{"href":"https:\/\/www.radiomais.ao\/index.php\/wp-json\/wp\/v2\/posts"}],"about":[{"href":"https:\/\/www.radiomais.ao\/index.php\/wp-json\/wp\/v2\/types\/post"}],"author":[{"embeddable":true,"href":"https:\/\/www.radiomais.ao\/index.php\/wp-json\/wp\/v2\/users\/3"}],"replies":[{"embeddable":true,"href":"https:\/\/www.radiomais.ao\/index.php\/wp-json\/wp\/v2\/comments?post=5145"}],"version-history":[{"count":1,"href":"https:\/\/www.radiomais.ao\/index.php\/wp-json\/wp\/v2\/posts\/5145\/revisions"}],"predecessor-version":[{"id":5147,"href":"https:\/\/www.radiomais.ao\/index.php\/wp-json\/wp\/v2\/posts\/5145\/revisions\/5147"}],"wp:featuredmedia":[{"embeddable":true,"href":"https:\/\/www.radiomais.ao\/index.php\/wp-json\/wp\/v2\/media\/5146"}],"wp:attachment":[{"href":"https:\/\/www.radiomais.ao\/index.php\/wp-json\/wp\/v2\/media?parent=5145"}],"wp:term":[{"taxonomy":"category","embeddable":true,"href":"https:\/\/www.radiomais.ao\/index.php\/wp-json\/wp\/v2\/categories?post=5145"},{"taxonomy":"post_tag","embeddable":true,"href":"https:\/\/www.radiomais.ao\/index.php\/wp-json\/wp\/v2\/tags?post=5145"}],"curies":[{"name":"wp","href":"https:\/\/api.w.org\/{rel}","templated":true}]}}