{"id":5148,"date":"2026-02-24T10:18:01","date_gmt":"2026-02-24T09:18:01","guid":{"rendered":"https:\/\/www.radiomais.ao\/?p=5148"},"modified":"2026-02-24T10:20:08","modified_gmt":"2026-02-24T09:20:08","slug":"comissoes-da-assembleia-nacional-aprovam-relatorio-do-gian-plano-anual-e-criam-grupo-nacional-do-parlasul","status":"publish","type":"post","link":"https:\/\/www.radiomais.ao\/index.php\/2026\/02\/24\/comissoes-da-assembleia-nacional-aprovam-relatorio-do-gian-plano-anual-e-criam-grupo-nacional-do-parlasul\/","title":{"rendered":"Comiss\u00f5es da Assembleia Nacional aprovam relat\u00f3rio do GIAN, plano anual e criam Grupo Nacional do PARLASUL."},"content":{"rendered":"\n<p><strong>As Comiss\u00f5es de Trabalho Especializadas da Assembleia Nacional aprovaram, esta segundafeira, 23, em Luanda, tr\u00eas projectos de resolu\u00e7\u00e3o ligados \u00e0 actividade interparlamentar, com destaque para a valida\u00e7\u00e3o do Relat\u00f3rio de Actividades do Grupo Interparlamentar (GIAN), a aprova\u00e7\u00e3o do Plano Anual 2025-2026 e a constitui\u00e7\u00e3o do Grupo Nacional do PARLASUL<\/strong><\/p>\n\n\n\n<p>Reunidas em sess\u00e3o conjunta, as comiss\u00f5es apreciaram e votaram o Projecto de Resolu\u00e7\u00e3o que aprova o Relat\u00f3rio de Actividades desenvolvidas pelo Grupo Interparlamentar da Assembleia Nacional (GIAN), referente ao Ano Parlamentar 2024- 2025.<\/p>\n\n\n\n<p>O diploma foi aprovado com 10 votos a favor, nenhum contra e zero absten\u00e7\u00f5es. A resolu\u00e7\u00e3o agora aprovada estabelece, no seu artigo 1.\u00ba, a aprova\u00e7\u00e3o formal do Relat\u00f3rio de Actividades desenvolvidas pelo GIAN no Ano Parlamentar 2024-2025, documento que passa a constituir parte integrante do diploma.<\/p>\n\n\n\n<p>O texto fundamenta que o GIAN prossegue a dinamiza\u00e7\u00e3o das rela\u00e7\u00f5es internacionais e de coopera\u00e7\u00e3o entre a Assembleia Nacional e outros parlamentos ou organiza\u00e7\u00f5es interparlamentares.<\/p>\n\n\n\n<p>Para este efeito, cria Grupos Nacionais de Acompanhamento, de Amizade e de Solidariedade, compostos por deputados, nos termos dos artigos 83.\u00ba, 84.\u00ba, 85.\u00ba e 86.\u00ba da Lei n.\u00ba 13\/17, de 6 de Julho (Regimento da Assembleia Nacional). Ler mais em <em><strong><a href=\"https:\/\/www.opais.ao\/politica\/comissoes-da-assembleia-nacional-aprovam-relatorio-do-gian-plano-anual-e-criam-grupo-nacional-do-parlasul\/\">Opa\u00eds<\/a><\/strong><\/em><\/p>\n","protected":false},"excerpt":{"rendered":"<p>As Comiss\u00f5es de Trabalho Especializadas da Assembleia Nacional aprovaram, esta segundafeira, 23, em Luanda, tr\u00eas projectos de resolu\u00e7\u00e3o ligados \u00e0 actividade interparlamentar, com destaque para a valida\u00e7\u00e3o do Relat\u00f3rio de Actividades do Grupo Interparlamentar (GIAN), a aprova\u00e7\u00e3o do Plano Anual 2025-2026 e a constitui\u00e7\u00e3o do Grupo Nacional do PARLASUL Reunidas em sess\u00e3o conjunta, as comiss\u00f5es [&hellip;]<\/p>\n","protected":false},"author":3,"featured_media":5150,"comment_status":"open","ping_status":"open","sticky":false,"template":"","format":"standard","meta":{"footnotes":""},"categories":[16],"tags":[2174],"class_list":["post-5148","post","type-post","status-publish","format-standard","has-post-thumbnail","hentry","category-actualidade","tag-comissoes-da-assembleia-nacional"],"blocksy_meta":[],"_links":{"self":[{"href":"https:\/\/www.radiomais.ao\/index.php\/wp-json\/wp\/v2\/posts\/5148","targetHints":{"allow":["GET"]}}],"collection":[{"href":"https:\/\/www.radiomais.ao\/index.php\/wp-json\/wp\/v2\/posts"}],"about":[{"href":"https:\/\/www.radiomais.ao\/index.php\/wp-json\/wp\/v2\/types\/post"}],"author":[{"embeddable":true,"href":"https:\/\/www.radiomais.ao\/index.php\/wp-json\/wp\/v2\/users\/3"}],"replies":[{"embeddable":true,"href":"https:\/\/www.radiomais.ao\/index.php\/wp-json\/wp\/v2\/comments?post=5148"}],"version-history":[{"count":2,"href":"https:\/\/www.radiomais.ao\/index.php\/wp-json\/wp\/v2\/posts\/5148\/revisions"}],"predecessor-version":[{"id":5151,"href":"https:\/\/www.radiomais.ao\/index.php\/wp-json\/wp\/v2\/posts\/5148\/revisions\/5151"}],"wp:featuredmedia":[{"embeddable":true,"href":"https:\/\/www.radiomais.ao\/index.php\/wp-json\/wp\/v2\/media\/5150"}],"wp:attachment":[{"href":"https:\/\/www.radiomais.ao\/index.php\/wp-json\/wp\/v2\/media?parent=5148"}],"wp:term":[{"taxonomy":"category","embeddable":true,"href":"https:\/\/www.radiomais.ao\/index.php\/wp-json\/wp\/v2\/categories?post=5148"},{"taxonomy":"post_tag","embeddable":true,"href":"https:\/\/www.radiomais.ao\/index.php\/wp-json\/wp\/v2\/tags?post=5148"}],"curies":[{"name":"wp","href":"https:\/\/api.w.org\/{rel}","templated":true}]}}